{"id":7166,"date":"2019-04-18T18:09:04","date_gmt":"2019-04-18T16:09:04","guid":{"rendered":"http:\/\/www.abc-wien.net\/?p=7166"},"modified":"2019-04-18T18:09:04","modified_gmt":"2019-04-18T16:09:04","slug":"italien-davide-delogu-wurde-vom-augusta-ins-rossano-calabro-gefangnis-verlegt","status":"publish","type":"post","link":"https:\/\/www.abc-wien.net\/?p=7166","title":{"rendered":"[Italien] Davide Delogu wurde vom Augusta ins Rossano Calabro Gef\u00e4ngnis verlegt"},"content":{"rendered":"<p>Quelle: <a href=\"https:\/\/325.nostate.net\/2019\/04\/17\/davide-delogu-transferred-from-augusta-to-rossano-calabro-prison-italy\/\" target=\"_blank\" rel=\"noopener\">325<\/a>, \u00fcbersetzt von abc wien<\/p>\n<p><a href=\"https:\/\/www.abc-wien.net\/?attachment_id=7168\" rel=\"attachment wp-att-7168\"><img loading=\"lazy\" decoding=\"async\" class=\"alignleft size-thumbnail wp-image-7168\" src=\"https:\/\/www.abc-wien.net\/wp-content\/uploads\/2019\/04\/1234-150x150.jpg\" alt=\"\" width=\"150\" height=\"150\"\/><\/a>Der anarchistische sardische Gef\u00e4hrte Davide Delogu wurde aus dem Gef\u00e4ngnis Augusta (Provinz Syrakus, auf Sizilien) in das Gef\u00e4ngnis Rossano Calabro (Provinz Cosenza, in Kalabrien) verlegt. Die Adresse, an die Briefe, Nachrichten, B\u00fccher usw. gesendet werden k\u00f6nnen, lautet wie folgt:<\/p>\n<p><strong>Davide Delogu<\/strong><br \/>\n<strong>c\/o Casa di Reclusione di Rossano Kalabrien<\/strong><br \/>\n<strong>Strada Statale 106 Jonica n. 32<\/strong><br \/>\n<strong>87067 Corigliano-Rossano (Cosenza) \/\/ <\/strong><strong>Italien (Italien)<\/strong><\/p>\n<p><!--more--><\/p>\n<p>Vom 11.03.2019 bis Ende M\u00e4rz befand sich der Gef\u00e4hrte im Hungerstreik, da der neue Direktor des Augusta-Gef\u00e4ngnisses (Angela Lantieri) die Besuchserlaubnis f\u00fcr Davides sardischen Gef\u00e4hrten (der einzige genehmigte Besuch) sofort widerrufen hatte. [&#8230;]<\/p>\n<p>Solidarit\u00e4t mit dem Anarchisten Davide Delogu!<\/p>\n","protected":false},"excerpt":{"rendered":"<p>Quelle: 325, \u00fcbersetzt von abc wien Der anarchistische sardische Gef\u00e4hrte Davide Delogu wurde aus dem Gef\u00e4ngnis Augusta (Provinz Syrakus, auf Sizilien) in das Gef\u00e4ngnis Rossano Calabro (Provinz Cosenza, in Kalabrien) verlegt. Die Adresse, an die Briefe, Nachrichten, B\u00fccher usw. gesendet werden k\u00f6nnen, lautet wie folgt: Davide Delogu c\/o Casa di Reclusione di Rossano Kalabrien Strada [&hellip;]<\/p>\n","protected":false},"author":1,"featured_media":0,"comment_status":"closed","ping_status":"closed","sticky":false,"template":"","format":"standard","meta":{"ngg_post_thumbnail":0,"footnotes":""},"categories":[115,412,236],"tags":[927,181,242],"class_list":["post-7166","post","type-post","status-publish","format-standard","hentry","category-gefangene","category-knast","category-news","tag-davide-delogu","tag-italien","tag-knast"],"_links":{"self":[{"href":"https:\/\/www.abc-wien.net\/index.php?rest_route=\/wp\/v2\/posts\/7166"}],"collection":[{"href":"https:\/\/www.abc-wien.net\/index.php?rest_route=\/wp\/v2\/posts"}],"about":[{"href":"https:\/\/www.abc-wien.net\/index.php?rest_route=\/wp\/v2\/types\/post"}],"author":[{"embeddable":true,"href":"https:\/\/www.abc-wien.net\/index.php?rest_route=\/wp\/v2\/users\/1"}],"replies":[{"embeddable":true,"href":"https:\/\/www.abc-wien.net\/index.php?rest_route=%2Fwp%2Fv2%2Fcomments&post=7166"}],"version-history":[{"count":1,"href":"https:\/\/www.abc-wien.net\/index.php?rest_route=\/wp\/v2\/posts\/7166\/revisions"}],"predecessor-version":[{"id":7170,"href":"https:\/\/www.abc-wien.net\/index.php?rest_route=\/wp\/v2\/posts\/7166\/revisions\/7170"}],"wp:attachment":[{"href":"https:\/\/www.abc-wien.net\/index.php?rest_route=%2Fwp%2Fv2%2Fmedia&parent=7166"}],"wp:term":[{"taxonomy":"category","embeddable":true,"href":"https:\/\/www.abc-wien.net\/index.php?rest_route=%2Fwp%2Fv2%2Fcategories&post=7166"},{"taxonomy":"post_tag","embeddable":true,"href":"https:\/\/www.abc-wien.net\/index.php?rest_route=%2Fwp%2Fv2%2Ftags&post=7166"}],"curies":[{"name":"wp","href":"https:\/\/api.w.org\/{rel}","templated":true}]}}