{"id":6796,"date":"2019-02-20T21:52:23","date_gmt":"2019-02-20T20:52:23","guid":{"rendered":"http:\/\/www.abc-wien.net\/?p=6796"},"modified":"2019-02-23T19:43:07","modified_gmt":"2019-02-23T18:43:07","slug":"graz-radio-helsinki-kaputt-fm-repression-in-turin","status":"publish","type":"post","link":"https:\/\/www.abc-wien.net\/?p=6796","title":{"rendered":"[Graz] Radio Helsinki\/kaputt fm: Repression in Turin"},"content":{"rendered":"<p><strong><a href=\"https:\/\/www.abc-wien.net\/?attachment_id=6797\" rel=\"attachment wp-att-6797\"><img loading=\"lazy\" decoding=\"async\" class=\"alignleft wp-image-6797 size-medium\" src=\"https:\/\/www.abc-wien.net\/wp-content\/uploads\/2019\/02\/coimhggikffdeokp-211x300.png\" alt=\"\" width=\"211\" height=\"300\" srcset=\"https:\/\/www.abc-wien.net\/wp-content\/uploads\/2019\/02\/coimhggikffdeokp-211x300.png 211w, https:\/\/www.abc-wien.net\/wp-content\/uploads\/2019\/02\/coimhggikffdeokp-768x1090.png 768w, https:\/\/www.abc-wien.net\/wp-content\/uploads\/2019\/02\/coimhggikffdeokp-722x1024.png 722w, https:\/\/www.abc-wien.net\/wp-content\/uploads\/2019\/02\/coimhggikffdeokp.png 1137w\" sizes=\"(max-width: 211px) 100vw, 211px\" \/><\/a>Information &amp; kaputt fm Livesendung<\/strong><\/p>\n<p><strong>Besetztes \u201eAsilo\u201c in Turin ger\u00e4umt<\/strong><\/p>\n<p><strong>Sechs Gef\u00e4hrt*innen im Gef\u00e4ngnis<\/strong><\/p>\n<p><strong>zusammensitzen, diskutieren und Geld sammeln f\u00fcr Repressionskosten<\/strong><\/p>\n<p><em><strong>Wann? Donnerstag, 28.Februar<\/strong><\/em><\/p>\n<p><em><strong>ab 20.00 Infos aus Turin, Soli-Getr\u00e4nke, Briefe schicken<\/strong><\/em><\/p>\n<p><em><strong>ab 22.00 kaputt fm Livesendung<\/strong><\/em><\/p>\n<p><em><strong>Ort: Funkhaus Radio Helsinki, Sch\u00f6naugasse 8, 8010 Graz<\/strong><\/em><\/p>\n<p><!--more--><\/p>\n<p><strong>Am 7.Februar wurde in Turin das anarchistische besetzte Haus \u201eAsilo <\/strong><strong>Occupato\u201c mit einem polizeilichen Gro\u00dfaufgebot ger\u00e4umt.<\/strong><\/p>\n<p>Es kam dabei zu zahlreichen Festnahmen. Sechs Personen wird vorgeworfen eine kriminelle Vereinigung gef\u00f6rdert, gegr\u00fcndet und organisiert bzw. sich daran beteiligt zu haben. Die Autorit\u00e4ten sprechen auch von \u201eTerrorismus\u201c im Zusammenhang mit Aktionen gegen die Abschiebegef\u00e4ngnisse f\u00fcr Fl\u00fcchtlinge, genannt CIE\/CPR.<em><strong>\u201eSie f\u00fchren einen Krieg gegen die Armen und nennen es Aufwertung\u201c<\/strong> <\/em><\/p>\n<div id=\"attachment_6798\" style=\"width: 423px\" class=\"wp-caption alignleft\"><a href=\"https:\/\/www.abc-wien.net\/?attachment_id=6798\" rel=\"attachment wp-att-6798\"><img loading=\"lazy\" decoding=\"async\" aria-describedby=\"caption-attachment-6798\" class=\"wp-image-6798\" src=\"https:\/\/www.abc-wien.net\/wp-content\/uploads\/2019\/02\/pmkpcefkaliboapj-722x1024.png\" alt=\"\" width=\"413\" height=\"586\" srcset=\"https:\/\/www.abc-wien.net\/wp-content\/uploads\/2019\/02\/pmkpcefkaliboapj-722x1024.png 722w, https:\/\/www.abc-wien.net\/wp-content\/uploads\/2019\/02\/pmkpcefkaliboapj-211x300.png 211w, https:\/\/www.abc-wien.net\/wp-content\/uploads\/2019\/02\/pmkpcefkaliboapj-768x1090.png 768w, https:\/\/www.abc-wien.net\/wp-content\/uploads\/2019\/02\/pmkpcefkaliboapj.png 1137w\" sizes=\"(max-width: 413px) 100vw, 413px\" \/><\/a><p id=\"caption-attachment-6798\" class=\"wp-caption-text\"><a href=\"https:\/\/www.abc-wien.net\/wp-content\/uploads\/2019\/02\/pmkpcefkaliboapj.png\">Download Plakat<\/a><\/p><\/div>\n<p>Das seit 1995 besetzte Asilo war nicht nur dem neo-faschistischen Innenminister Salvini schon lange ein Dorn im Auge: tatkr\u00e4ftige Unterst\u00fctzung wenn der Gerichtsvollzieher kommt, Kundgebungen und Aktionen gegen Kn\u00e4ste und Abschiebelager, Angriffe gegen die Polizei. Die Leute vom Asilo sind vor allem f\u00fcr ihren Kampf gegen Zwangsr\u00e4umungen und gegen Abschiebegef\u00e4ngnisse bekannt, bei dem sie immer wieder von Gef\u00e4hrt*innen aus ganz Europa, auch Graz, unterst\u00fctzt worden sind.<\/p>\n<p>Widerstand gegen die Stadt der Reichen, anarchistische Ideen und ihre Praxis: das Asilo war ein wichtiger Anlaufpunkt f\u00fcr Aurora \u2013 jenes Viertel, das an den Markt von Porto Palazzo grenzt. Schon immer als proletarisches Viertel vom B\u00fcrgertum gef\u00fcrchtet, hatten bereits die historischen Faschisten Aufwertungspl\u00e4ne f\u00fcr Aurora, das an die Turiner Innenstadt grenzt. Der Druck auf die migrantrisch-proletarische Bev\u00f6lkerung und die solidarisch-subversiven Elemente des Viertels wurde sp\u00e4testens ab dem Bau eines neuen Headquarters des Kaffee-Riesen Lavazza in Sichtweite des Asilo st\u00e4ndig erh\u00f6ht. Nach vielfachen Androhungen wurde das besetzte Haus schlie\u00dflich am 7. Februar mithilfe dutzender Polizisten in Riot-Gear ger\u00e4umt.<\/p>\n<p><em><strong>\u201eWehren wir uns gegen die F\u00fchrung dieser Stadt\u201c<\/strong><\/em><\/p>\n<p>Die Antwort des subversiven Turins war zwei Tage darauf eine Stra\u00dfenschlacht mit der Polizei: Wasserwerfer und Tr\u00e4nengas auf der einen Seite, Entschlossenheit und Solidarit\u00e4t auf der anderen. Auch in weiteren St\u00e4dten Italiens und in Griechenland kam es zu spontanen Kundgebungen und eingeschlagenen Scheiben bei Banken in Solidarit\u00e4t mit dem Kampf in Turin.<\/p>\n<p>Unsere Unterst\u00fctzung gilt besonders den sechs Gefangenen, denen vorgeworfen wird Teil einer terroristischen Vereinigung zu sein. Ohne uns auf diese absurde Kategorisierung des Staates einlassen zu wollen, m\u00f6chten wir betonen, dass es der Staat ist, der die Bev\u00f6lkerung und insbesondere seine subversiven Elemente (nicht nur) mit seiner Repression terrorisiert.<\/p>\n<p><strong>Die Gefangenen und weitere von Repression Betroffene ben\u00f6tigen eure <\/strong><strong>(finanzielle) Unterst\u00fctzung! Bitte leitet die Information an <\/strong><strong>Interessierte weiter. Im Anhang findet ihr den Flyer. Bei der <\/strong><strong>Veranstaltung wird es auch Gelegenheit geben den Gefangenen zu schreiben.<\/strong><\/p>\n<p><strong>Spenden k\u00f6nnen auch elektronisch \u00fcbermittelt werden. Und zwar auf das <\/strong><strong>Konto lautend auf<\/strong><\/p>\n<p>Giulia Merlini e Pisano Marco<br \/>\nIBAN IT61Y0347501605CC0011856712<\/p>\n<p>ABI 03475 CAB 01605<br \/>\nBIC INGBITD1<\/p>\n<p><strong>Freiheit f\u00fcr Silvia, Antonio, Larry, Beppe, Giada und Nicco! Freiheit<\/strong><br \/>\n<strong>f\u00fcr alle!<\/strong><\/p>\n","protected":false},"excerpt":{"rendered":"<p>Information &amp; kaputt fm Livesendung Besetztes \u201eAsilo\u201c in Turin ger\u00e4umt Sechs Gef\u00e4hrt*innen im Gef\u00e4ngnis zusammensitzen, diskutieren und Geld sammeln f\u00fcr Repressionskosten Wann? Donnerstag, 28.Februar ab 20.00 Infos aus Turin, Soli-Getr\u00e4nke, Briefe schicken ab 22.00 kaputt fm Livesendung Ort: Funkhaus Radio Helsinki, Sch\u00f6naugasse 8, 8010 Graz<\/p>\n","protected":false},"author":1,"featured_media":0,"comment_status":"closed","ping_status":"closed","sticky":false,"template":"","format":"standard","meta":{"ngg_post_thumbnail":0,"footnotes":""},"categories":[114,115,236,125,615],"tags":[290,502,181,882,404,576],"class_list":["post-6796","post","type-post","status-publish","format-standard","hentry","category-anarchismus","category-gefangene","category-news","category-repression","category-solidaritat","tag-anarchistinnen","tag-graz","tag-italien","tag-radio-helsinki","tag-repression","tag-turin"],"_links":{"self":[{"href":"https:\/\/www.abc-wien.net\/index.php?rest_route=\/wp\/v2\/posts\/6796"}],"collection":[{"href":"https:\/\/www.abc-wien.net\/index.php?rest_route=\/wp\/v2\/posts"}],"about":[{"href":"https:\/\/www.abc-wien.net\/index.php?rest_route=\/wp\/v2\/types\/post"}],"author":[{"embeddable":true,"href":"https:\/\/www.abc-wien.net\/index.php?rest_route=\/wp\/v2\/users\/1"}],"replies":[{"embeddable":true,"href":"https:\/\/www.abc-wien.net\/index.php?rest_route=%2Fwp%2Fv2%2Fcomments&post=6796"}],"version-history":[{"count":3,"href":"https:\/\/www.abc-wien.net\/index.php?rest_route=\/wp\/v2\/posts\/6796\/revisions"}],"predecessor-version":[{"id":6814,"href":"https:\/\/www.abc-wien.net\/index.php?rest_route=\/wp\/v2\/posts\/6796\/revisions\/6814"}],"wp:attachment":[{"href":"https:\/\/www.abc-wien.net\/index.php?rest_route=%2Fwp%2Fv2%2Fmedia&parent=6796"}],"wp:term":[{"taxonomy":"category","embeddable":true,"href":"https:\/\/www.abc-wien.net\/index.php?rest_route=%2Fwp%2Fv2%2Fcategories&post=6796"},{"taxonomy":"post_tag","embeddable":true,"href":"https:\/\/www.abc-wien.net\/index.php?rest_route=%2Fwp%2Fv2%2Ftags&post=6796"}],"curies":[{"name":"wp","href":"https:\/\/api.w.org\/{rel}","templated":true}]}}