{"id":5757,"date":"2018-09-26T12:51:12","date_gmt":"2018-09-26T10:51:12","guid":{"rendered":"http:\/\/www.abc-wien.net\/?p=5757"},"modified":"2018-09-26T12:51:41","modified_gmt":"2018-09-26T10:51:41","slug":"deutschland-thomas-meyer-falk-todesfall-in-sicherungsverwahrung-folge-von-drogen","status":"publish","type":"post","link":"https:\/\/www.abc-wien.net\/?p=5757","title":{"rendered":"[Deutschland] Thomas Meyer-Falk: Todesfall in Sicherungsverwahrung \u2013 Folge von Drogen?"},"content":{"rendered":"<p>Quelle: <a href=\"https:\/\/de.indymedia.org\/node\/24649\" target=\"_blank\" rel=\"noopener\">indymedia<\/a><\/p>\n<p><a href=\"https:\/\/www.abc-wien.net\/?attachment_id=4546\" rel=\"attachment wp-att-4546\"><img loading=\"lazy\" decoding=\"async\" class=\"alignleft size-thumbnail wp-image-4546\" src=\"https:\/\/www.abc-wien.net\/wp-content\/uploads\/2017\/10\/thomas-150x150.png\" alt=\"\" width=\"150\" height=\"150\"\/><\/a>Wie vor <a href=\"https:\/\/www.abc-wien.net\/?p=5631\">wenigen Tagen berichtet<\/a> wurde am 10.09.2018 Peter B. tot in der Freiburger Sicherungsverwahrung in seiner Zelle gefunden. War Drogenkonsum die Todesursache?<\/p>\n<p><strong>Die Polizeirazzia<\/strong><\/p>\n<p>Am 20. September 2018 betraten mehrere Polizisten, sowie verschiedene Sicherheitsbeamte der JVA Freiburg die Station 5\/2 der Sicherungsverwahrung. Die Polizisten kamen in Begleitung eines Drogensp\u00fcrhundes. Die Delegation begab sich zu der amtlich versiegelten Zelle Peters, welche dann geraume Zeit durchsucht wurde. Anwesend waren auch noch die therapeutische Leiterin Frau Dr. S, der Vollzugsleiter Herr G., sowie der Abteilungsjurist Herr R.. Ob Drogen gefunden wurden ist nicht mitgeteilt worden.<\/p>\n<p><!--more--><\/p>\n<p><strong>Drogenkonsum in Haft<\/strong><\/p>\n<p>Regelm\u00e4\u00dfig versuchen Inhaftierte die leidmachenden Haftbedingungen durch den Konsum von Drogen zu erleichtern, auch Peter geh\u00f6rte zu ihnen. Die Tristesse der Haftsituation, die fehlenden Perspektiven gerade im Bereich der Sicherungsverwahrung (Credo des Herrn J., seit 16 Jahren in Verwahrung:<cite> \u201eHier wird gestorben \u2013 nicht entlassen!\u201c<\/cite>) tragen das ihrige dazu bei. Das Landgericht Freiburg, in Gestalt der 12. Strafvollstreckungskammer, unter Vorsitz von Frau Dr. K.-C- hat in den zur\u00fcckliegenden Jahren sogar offiziell die JVA aufgefordert, einem Verwahrten Subutex und zuletzt auch Diamorphin anzubieten. Allerdings verhindert dies nicht den illegalen Drogenkonsum, der dann, wie m\u00f6glicherweise im Fall von Peter B., t\u00f6dlich enden kann.<\/p>\n<p>&nbsp;<\/p>\n<p>Am 26. September wird in der JVA eine kleine Gedenkveranstaltung wegen des Todes von Peter stattfinden.<\/p>\n<p>&nbsp;<\/p>\n<p>Thomas Meyer-Falk, zZt. JVA(SV)<\/p>\n<p>Hermann-Herder-Str. 8,<\/p>\n<p>79104 Freiburger<\/p>\n<p><a href=\"https:\/\/freedomforthomas.wordpress.com\">https:\/\/freedomforthomas.wordpress.com<\/a><\/p>\n<p>&nbsp;<\/p>\n","protected":false},"excerpt":{"rendered":"<p>Quelle: indymedia Wie vor wenigen Tagen berichtet wurde am 10.09.2018 Peter B. tot in der Freiburger Sicherungsverwahrung in seiner Zelle gefunden. War Drogenkonsum die Todesursache? Die Polizeirazzia Am 20. September 2018 betraten mehrere Polizisten, sowie verschiedene Sicherheitsbeamte der JVA Freiburg die Station 5\/2 der Sicherungsverwahrung. Die Polizisten kamen in Begleitung eines Drogensp\u00fcrhundes. Die Delegation begab [&hellip;]<\/p>\n","protected":false},"author":1,"featured_media":0,"comment_status":"closed","ping_status":"closed","sticky":false,"template":"","format":"standard","meta":{"ngg_post_thumbnail":0,"footnotes":""},"categories":[115,412,236],"tags":[401,242,203,212,214],"class_list":["post-5757","post","type-post","status-publish","format-standard","hentry","category-gefangene","category-knast","category-news","tag-gefangene","tag-knast","tag-sicherungsverwahrung-sv","tag-texte-von-gefangenen","tag-thomas-meyer-falk"],"_links":{"self":[{"href":"https:\/\/www.abc-wien.net\/index.php?rest_route=\/wp\/v2\/posts\/5757"}],"collection":[{"href":"https:\/\/www.abc-wien.net\/index.php?rest_route=\/wp\/v2\/posts"}],"about":[{"href":"https:\/\/www.abc-wien.net\/index.php?rest_route=\/wp\/v2\/types\/post"}],"author":[{"embeddable":true,"href":"https:\/\/www.abc-wien.net\/index.php?rest_route=\/wp\/v2\/users\/1"}],"replies":[{"embeddable":true,"href":"https:\/\/www.abc-wien.net\/index.php?rest_route=%2Fwp%2Fv2%2Fcomments&post=5757"}],"version-history":[{"count":2,"href":"https:\/\/www.abc-wien.net\/index.php?rest_route=\/wp\/v2\/posts\/5757\/revisions"}],"predecessor-version":[{"id":5759,"href":"https:\/\/www.abc-wien.net\/index.php?rest_route=\/wp\/v2\/posts\/5757\/revisions\/5759"}],"wp:attachment":[{"href":"https:\/\/www.abc-wien.net\/index.php?rest_route=%2Fwp%2Fv2%2Fmedia&parent=5757"}],"wp:term":[{"taxonomy":"category","embeddable":true,"href":"https:\/\/www.abc-wien.net\/index.php?rest_route=%2Fwp%2Fv2%2Fcategories&post=5757"},{"taxonomy":"post_tag","embeddable":true,"href":"https:\/\/www.abc-wien.net\/index.php?rest_route=%2Fwp%2Fv2%2Ftags&post=5757"}],"curies":[{"name":"wp","href":"https:\/\/api.w.org\/{rel}","templated":true}]}}