{"id":5701,"date":"2018-09-22T10:44:29","date_gmt":"2018-09-22T08:44:29","guid":{"rendered":"http:\/\/www.abc-wien.net\/?p=5701"},"modified":"2018-09-22T10:44:29","modified_gmt":"2018-09-22T08:44:29","slug":"deutschland-bayerische-polizei-fuhrt-praventive-festnahmen-vor-protesten-gegen-eu-gipfel-in-salzburg-durch","status":"publish","type":"post","link":"https:\/\/www.abc-wien.net\/?p=5701","title":{"rendered":"[Deutschland] Bayerische Polizei f\u00fchrt pr\u00e4ventive Festnahmen vor Protesten gegen EU-Gipfel in Salzburg durch"},"content":{"rendered":"<p>Quelle: <a href=\"http:\/\/political-prisoners.net\/item\/6414-bayerische-polizei-fuehrt-praeventive-festnahmen-vor-protesten-gegen-eu-gipfel-in-salzburg-durch.html\" target=\"_blank\" rel=\"noopener\">political prisoners<\/a><\/p>\n<p><a href=\"https:\/\/www.abc-wien.net\/?attachment_id=5703\" rel=\"attachment wp-att-5703\"><img loading=\"lazy\" decoding=\"async\" class=\"alignleft size-thumbnail wp-image-5703\" src=\"https:\/\/www.abc-wien.net\/wp-content\/uploads\/2018\/09\/01-725x1024-150x150.jpg\" alt=\"\" width=\"150\" height=\"150\"\/><\/a>Mehr als 50 linke Aktivist*innen wurden gestern an der Reise nach Salzburg gehindert, um dort an der Demonstration gegen den EU-Gipfel teilzunehmen. Der Zugverkehr wurde ausgesetzt und 17 Personen pr\u00e4ventiv festgenommen.<\/p>\n<p>Sie erhielten ein Ausreiseverbot nach \u00a710 des Passgesetzes, wonach verhindert werden soll, das \u201eAnsehen der BRD im Ausland zu beeintr\u00e4chtigen\u201c.<\/p>\n<p>Statt angeblich konkret bef\u00fcrchteter schwerer Straftaten oder Vorstrafen der Aktivist*innen wurden Kapuzenpullover und v\u00f6llig legale Schlauschals als Begr\u00fcndung der Ma\u00dfnahme angef\u00fchrt.<\/p>\n<p><!--more--><\/p>\n<p>Die Personalausweise wurden eingezogen und werden erst zu einem sp\u00e4teren Zeitpunkt wieder ausgeh\u00e4ndigt. Bis dahin gelten f\u00fcr die Betroffenen t\u00e4gliche Meldeauflagen. Von den repressiven Ma\u00dfnahmen der Bundespolizei ist auch ein franz\u00f6sischer Staatsb\u00fcrger ohne Wohnsitz in der BRD betroffen, dem groteskerweise der gleiche Vorwurf zur Last gelegt wird. Die 17 Personen verbrachten bis zu zehn Stunden im Polizeigewahrsam, nur um ein Ausreiseverbot ausgesprochen zu bekommen.<\/p>\n<p>Hierzu erkl\u00e4rt Heiko Lange, Mitglied im Bundesvorstand der Roten Hilfe e.V.:<\/p>\n<p>\u201eDie Verhinderung der Ausreise sollte die linken Aktivist*innen an Protesten gegen die herrschende EU-Politik des Sozialabbaus und der Militarisierung hindern.<\/p>\n<p>Es scheint, als w\u00fcrde die bayerische Polizei denken, dass sie sich alles erlauben kann. Ohne konkreten Vorwurf werden Oppositionelle festgesetzt und an ihrem verbrieften Grundrecht der freien Meinungs\u00e4u\u00dferung gehindert. Bei dieser Vorgehensweise handelt es sich um Polizeistaatsmethoden, die die Rote Hilfe e.V. auf das Sch\u00e4rfste ablehnt. Diese repressiven Ma\u00dfnahmen sind ein Vorgeschmack darauf, welche drastischen Grundrechtseinschr\u00e4nkungen auf die Linke und soziale Bewegungen zukommt, wenn wir uns jetzt nicht entschlossen zur Wehr setzen. Der politische und juristische Kampf gegen die Gesetzesversch\u00e4rfungen ist eine Aufgabe der gesamten Linken und B\u00fcrger*innenrechtsbewegung.\u201c<\/p>\n","protected":false},"excerpt":{"rendered":"<p>Quelle: political prisoners Mehr als 50 linke Aktivist*innen wurden gestern an der Reise nach Salzburg gehindert, um dort an der Demonstration gegen den EU-Gipfel teilzunehmen. Der Zugverkehr wurde ausgesetzt und 17 Personen pr\u00e4ventiv festgenommen. Sie erhielten ein Ausreiseverbot nach \u00a710 des Passgesetzes, wonach verhindert werden soll, das \u201eAnsehen der BRD im Ausland zu beeintr\u00e4chtigen\u201c. Statt [&hellip;]<\/p>\n","protected":false},"author":1,"featured_media":0,"comment_status":"closed","ping_status":"closed","sticky":false,"template":"","format":"standard","meta":{"ngg_post_thumbnail":0,"footnotes":""},"categories":[236,120,125],"tags":[160,401,403,404,756],"class_list":["post-5701","post","type-post","status-publish","format-standard","hentry","category-news","category-osterreich","category-repression","tag-deutschland","tag-gefangene","tag-osterreich","tag-repression","tag-s20"],"_links":{"self":[{"href":"https:\/\/www.abc-wien.net\/index.php?rest_route=\/wp\/v2\/posts\/5701"}],"collection":[{"href":"https:\/\/www.abc-wien.net\/index.php?rest_route=\/wp\/v2\/posts"}],"about":[{"href":"https:\/\/www.abc-wien.net\/index.php?rest_route=\/wp\/v2\/types\/post"}],"author":[{"embeddable":true,"href":"https:\/\/www.abc-wien.net\/index.php?rest_route=\/wp\/v2\/users\/1"}],"replies":[{"embeddable":true,"href":"https:\/\/www.abc-wien.net\/index.php?rest_route=%2Fwp%2Fv2%2Fcomments&post=5701"}],"version-history":[{"count":1,"href":"https:\/\/www.abc-wien.net\/index.php?rest_route=\/wp\/v2\/posts\/5701\/revisions"}],"predecessor-version":[{"id":5704,"href":"https:\/\/www.abc-wien.net\/index.php?rest_route=\/wp\/v2\/posts\/5701\/revisions\/5704"}],"wp:attachment":[{"href":"https:\/\/www.abc-wien.net\/index.php?rest_route=%2Fwp%2Fv2%2Fmedia&parent=5701"}],"wp:term":[{"taxonomy":"category","embeddable":true,"href":"https:\/\/www.abc-wien.net\/index.php?rest_route=%2Fwp%2Fv2%2Fcategories&post=5701"},{"taxonomy":"post_tag","embeddable":true,"href":"https:\/\/www.abc-wien.net\/index.php?rest_route=%2Fwp%2Fv2%2Ftags&post=5701"}],"curies":[{"name":"wp","href":"https:\/\/api.w.org\/{rel}","templated":true}]}}