{"id":5449,"date":"2018-08-27T09:14:07","date_gmt":"2018-08-27T07:14:07","guid":{"rendered":"http:\/\/www.abc-wien.net\/?p=5449"},"modified":"2018-08-27T09:14:07","modified_gmt":"2018-08-27T07:14:07","slug":"schweiz-flaschenpost-an-den-tattoo-circus-2018-in-zurich","status":"publish","type":"post","link":"https:\/\/www.abc-wien.net\/?p=5449","title":{"rendered":"[Schweiz] Flaschenpost an den Tattoo Circus 2018 in Z\u00fcrich"},"content":{"rendered":"<p>Quelle: <a href=\"https:\/\/barrikade.info\/Flaschenpost-an-den-Tattoo-Circus-2018-in-Zurich-1354\" target=\"_blank\" rel=\"noopener\">barrikade<\/a><\/p>\n<p><a href=\"https:\/\/www.abc-wien.net\/?attachment_id=5450\" rel=\"attachment wp-att-5450\"><img loading=\"lazy\" decoding=\"async\" class=\"alignleft size-thumbnail wp-image-5450\" src=\"https:\/\/www.abc-wien.net\/wp-content\/uploads\/2018\/08\/arton1354-941cd-47fb2-150x150.jpg\" alt=\"\" width=\"150\" height=\"150\"\/><\/a>Hallo ihr da draussen,<\/p>\n<p>Schon \u00fcber zwei Jahre ist es her, seitdem ihr mich zum letzten Mal gesehen habt. Die einen zumindest. Bei anderen mag es noch l\u00e4nger her sein, und wieder andere, die diese Zeilen hier lesen, haben mich noch nie gesehen oder von mir geh\u00f6rt. Doch das macht nichts. Ich m\u00f6chte die Gelegenheit \u2013 den diesj\u00e4hrigen Tattoo Circus in Z\u00fcrich \u2013 nutzen, um ein paar Worte, die ich schon lange mit mit herumtrage, loszuwerden: Von Herzen und voller Sehnsucht gr\u00fcsse ich alle antiautorit\u00e4ren Gef\u00e4hrt*innen und Individuen, alle Freund*innen und Bekannten da draussen und m\u00f6chte euch wissen lassen, dass ich wohl auf bin und den Kopf stets oben halte. Meine Situation segnet mich zwar nicht gerade mit reichlich R\u00fcckenwind, doch daf\u00fcr Tag f\u00fcr Tag mit neuen Herausforderungen, an denen ich wachsen kann. Und ich bin gl\u00fccklich sagen zu k\u00f6nnen, dass ich mit diesen Herausforderungen nicht alleine bin; ihr alle seid tief verankert in meinem Herzen und meinen Gedanken, und gebt mir immer dann die n\u00f6tige Kraft, wenn ich sie von selbst nicht aufzubringen vermag.<\/p>\n<p><!--more--><\/p>\n<p>Ihr alle seid ein unersetzbarer Teil von mir, ein treuer Begleiter auf meiner Reise ins Ungewisse. Und ihr alle seid es, die unerm\u00fcdlich und voller W\u00fcrde an meiner Seite gegen diese marode Gesellschaft, und f\u00fcr die unersch\u00f6pfliche Freiheit aller Individuen k\u00e4mpft. Es ist so sch\u00f6n euch bei mir zu wissen, daf\u00fcr m\u00f6chte ich Danke sagen!<\/p>\n<p>Ich befinde mich nun seit \u00fcber zwei Jahren auf der Flucht vor der Schweizer Justiz, allem entrissen, was mein Leben einst befl\u00fcgelt hat. Und auch wenn ich heute auf den richtigen Wind angewiesen bin, der diese Zeilen zu euch tragen soll, so bin ich doch unendlich froh dar\u00fcber, mit jedem Sonnenaufgang erneut den s\u00fcssen Duft der Autonomie und Selbstbestimmung einatmen zu d\u00fcrfen.<\/p>\n<p>Ich w\u00fcnsche euch allen eine gute Zeit auf dem diesj\u00e4hrigen Tattoo Circus in Z\u00fcrich-Altstetten und falls sich eine Gelegenheit bietet \u2013 stattet doch den dutzenden Zahnr\u00e4dchen des Migrations- und Knastregimes in der Umgebung mal einen Besuch ab. Die w\u00fcrden sich bestimmt freuen\u2026<\/p>\n<p>Ich f\u00fcr meinen Teil freue mich unbeschreiblich darauf, euch alle wiederzusehen. Und wir werden uns wiedersehen! Doch jetzt noch nicht.<\/p>\n<p>Im Herzen und in Gedanken,<br class=\"autobr\"\/>durch Worte und Taten,<br class=\"autobr\"\/>f\u00fcr immer bei euch<br class=\"autobr\"\/>euer Gef\u00e4hrte auf der Flucht<\/p>\n<p><i>August 2018<\/i><\/p>\n<p>&nbsp;<\/p>\n<blockquote class=\"spip_poesie\">\n<div>Aus der Ferne schreib ich diese Zeilen<\/div>\n<div>Eingerollt, verstaut, f\u00fcr die lange Fahrt<\/div>\n<div>Der Kompass zeigt die Richtung an<\/div>\n<div>Und schon treiben sie im Wellengang<\/div>\n<div>&nbsp;<\/div>\n<div>Gl\u00fccklich schau ich ihnen nach<\/div>\n<div>Mit Wehmut tasten sie sich vor<\/div>\n<div>Aus der Ferne schick ich diese Zeilen<\/div>\n<div>Und hoffe, dass sie sich beeilen<\/div>\n<\/blockquote>\n","protected":false},"excerpt":{"rendered":"<p>Quelle: barrikade Hallo ihr da draussen, Schon \u00fcber zwei Jahre ist es her, seitdem ihr mich zum letzten Mal gesehen habt. Die einen zumindest. Bei anderen mag es noch l\u00e4nger her sein, und wieder andere, die diese Zeilen hier lesen, haben mich noch nie gesehen oder von mir geh\u00f6rt. Doch das macht nichts. Ich m\u00f6chte [&hellip;]<\/p>\n","protected":false},"author":1,"featured_media":0,"comment_status":"closed","ping_status":"closed","sticky":false,"template":"","format":"standard","meta":{"ngg_post_thumbnail":0,"footnotes":""},"categories":[236,125],"tags":[734,733,404,201],"class_list":["post-5449","post","type-post","status-publish","format-standard","hentry","category-news","category-repression","tag-auf-der-flucht","tag-brief","tag-repression","tag-schweiz"],"_links":{"self":[{"href":"https:\/\/www.abc-wien.net\/index.php?rest_route=\/wp\/v2\/posts\/5449"}],"collection":[{"href":"https:\/\/www.abc-wien.net\/index.php?rest_route=\/wp\/v2\/posts"}],"about":[{"href":"https:\/\/www.abc-wien.net\/index.php?rest_route=\/wp\/v2\/types\/post"}],"author":[{"embeddable":true,"href":"https:\/\/www.abc-wien.net\/index.php?rest_route=\/wp\/v2\/users\/1"}],"replies":[{"embeddable":true,"href":"https:\/\/www.abc-wien.net\/index.php?rest_route=%2Fwp%2Fv2%2Fcomments&post=5449"}],"version-history":[{"count":1,"href":"https:\/\/www.abc-wien.net\/index.php?rest_route=\/wp\/v2\/posts\/5449\/revisions"}],"predecessor-version":[{"id":5451,"href":"https:\/\/www.abc-wien.net\/index.php?rest_route=\/wp\/v2\/posts\/5449\/revisions\/5451"}],"wp:attachment":[{"href":"https:\/\/www.abc-wien.net\/index.php?rest_route=%2Fwp%2Fv2%2Fmedia&parent=5449"}],"wp:term":[{"taxonomy":"category","embeddable":true,"href":"https:\/\/www.abc-wien.net\/index.php?rest_route=%2Fwp%2Fv2%2Fcategories&post=5449"},{"taxonomy":"post_tag","embeddable":true,"href":"https:\/\/www.abc-wien.net\/index.php?rest_route=%2Fwp%2Fv2%2Ftags&post=5449"}],"curies":[{"name":"wp","href":"https:\/\/api.w.org\/{rel}","templated":true}]}}