{"id":5444,"date":"2018-08-27T08:58:54","date_gmt":"2018-08-27T06:58:54","guid":{"rendered":"http:\/\/www.abc-wien.net\/?p=5444"},"modified":"2018-08-27T08:58:54","modified_gmt":"2018-08-27T06:58:54","slug":"frankreich-aktualisierung-zu-claudio-lavazza","status":"publish","type":"post","link":"https:\/\/www.abc-wien.net\/?p=5444","title":{"rendered":"[Frankreich] Aktualisierung zu Claudio Lavazza"},"content":{"rendered":"<p>Quelle: <a href=\"http:\/\/panopticon.blogsport.eu\/2018\/08\/25\/frankreich-aktualisierung-zu-claudio-lavazza\/\" target=\"_blank\" rel=\"noopener\">soligruppe f\u00fcr gefangene<\/a><\/p>\n<p><a href=\"https:\/\/www.abc-wien.net\/?attachment_id=4715\" rel=\"attachment wp-att-4715\"><img loading=\"lazy\" decoding=\"async\" class=\"alignleft size-thumbnail wp-image-4715\" src=\"https:\/\/www.abc-wien.net\/wp-content\/uploads\/2018\/04\/index-150x150.jpg\" alt=\"\" width=\"150\" height=\"150\"\/><\/a>Aus dem Knast von Fleury-M\u00e9rogis (Paris), informiert uns Claudio Lavazza dass es ihm gut geht, trotz der besonderen U-Haft (in seinem Fall sitzt in einem Hochsicherheitsbereich, welcher f\u00fcr Gefangene ist, die auf ein Verfahren warten) die viel h\u00e4rter als die Bedingungen im Knast von Teixeiro (Galizien-Spanien) sind. Claudio w\u00fcrde sich freuen Post zu kriegen und bittet darum dass seine notwendigen Daten, um ihn zu schreiben, verbreitet werden.<\/p>\n<p>Gegen alle Kn\u00e4ste!<span id=\"more-299\"><\/span><\/p>\n<p>Casa AntiRep delle Alpi occidentali<\/p>\n<p><!--more--><\/p>\n<p>(\u00dcbersetzt von der Soligruppe f\u00fcr Gefangene)<\/p>\n<p>(Claudio spricht nach unseren Wissen flie\u00dfend italienisch, spanisch und franz\u00f6sisch)<\/p>\n<p><strong>Claudio Lavazza<\/strong><br \/>\n<strong>n. ecrou 445097 D5-2G-\u20b544<\/strong><br \/>\n<strong>MAH de Fleury-M\u00e9rogis<\/strong><br \/>\n<strong>7, Avenue des peupliers<\/strong><br \/>\n<strong>91700 Fleury-M\u00e9rogis<\/strong><br \/>\n<strong>Frankreich<\/strong><\/p>\n<p>Quelle: ROUND ROBIN<\/p>\n","protected":false},"excerpt":{"rendered":"<p>Quelle: soligruppe f\u00fcr gefangene Aus dem Knast von Fleury-M\u00e9rogis (Paris), informiert uns Claudio Lavazza dass es ihm gut geht, trotz der besonderen U-Haft (in seinem Fall sitzt in einem Hochsicherheitsbereich, welcher f\u00fcr Gefangene ist, die auf ein Verfahren warten) die viel h\u00e4rter als die Bedingungen im Knast von Teixeiro (Galizien-Spanien) sind. Claudio w\u00fcrde sich freuen [&hellip;]<\/p>\n","protected":false},"author":1,"featured_media":0,"comment_status":"closed","ping_status":"closed","sticky":false,"template":"","format":"standard","meta":{"ngg_post_thumbnail":0,"footnotes":""},"categories":[115,412,236,615],"tags":[697,170,401,242,126],"class_list":["post-5444","post","type-post","status-publish","format-standard","hentry","category-gefangene","category-knast","category-news","category-solidaritat","tag-claudio-lavazza","tag-frankreich","tag-gefangene","tag-knast","tag-solidaritat"],"_links":{"self":[{"href":"https:\/\/www.abc-wien.net\/index.php?rest_route=\/wp\/v2\/posts\/5444"}],"collection":[{"href":"https:\/\/www.abc-wien.net\/index.php?rest_route=\/wp\/v2\/posts"}],"about":[{"href":"https:\/\/www.abc-wien.net\/index.php?rest_route=\/wp\/v2\/types\/post"}],"author":[{"embeddable":true,"href":"https:\/\/www.abc-wien.net\/index.php?rest_route=\/wp\/v2\/users\/1"}],"replies":[{"embeddable":true,"href":"https:\/\/www.abc-wien.net\/index.php?rest_route=%2Fwp%2Fv2%2Fcomments&post=5444"}],"version-history":[{"count":1,"href":"https:\/\/www.abc-wien.net\/index.php?rest_route=\/wp\/v2\/posts\/5444\/revisions"}],"predecessor-version":[{"id":5445,"href":"https:\/\/www.abc-wien.net\/index.php?rest_route=\/wp\/v2\/posts\/5444\/revisions\/5445"}],"wp:attachment":[{"href":"https:\/\/www.abc-wien.net\/index.php?rest_route=%2Fwp%2Fv2%2Fmedia&parent=5444"}],"wp:term":[{"taxonomy":"category","embeddable":true,"href":"https:\/\/www.abc-wien.net\/index.php?rest_route=%2Fwp%2Fv2%2Fcategories&post=5444"},{"taxonomy":"post_tag","embeddable":true,"href":"https:\/\/www.abc-wien.net\/index.php?rest_route=%2Fwp%2Fv2%2Ftags&post=5444"}],"curies":[{"name":"wp","href":"https:\/\/api.w.org\/{rel}","templated":true}]}}