{"id":5362,"date":"2018-08-19T22:11:06","date_gmt":"2018-08-19T20:11:06","guid":{"rendered":"http:\/\/www.abc-wien.net\/?p=5362"},"modified":"2018-08-19T22:11:51","modified_gmt":"2018-08-19T20:11:51","slug":"eu-gipfel-in-salzburg","status":"publish","type":"post","link":"https:\/\/www.abc-wien.net\/?p=5362","title":{"rendered":"EU-Gipfel in Salzburg"},"content":{"rendered":"<p>Quelle: <a href=\"https:\/\/de.indymedia.org\/node\/23592\">de.indymedia.org<\/a><\/p>\n<div>\n<div>\n<div>\n<p><a href=\"https:\/\/www.abc-wien.net\/?attachment_id=5363\" rel=\"attachment wp-att-5363\"><img loading=\"lazy\" decoding=\"async\" class=\"alignleft\" src=\"https:\/\/www.abc-wien.net\/wp-content\/uploads\/2018\/08\/29161.png\" alt=\"\" width=\"220\" height=\"124\"\/><\/a>Am 20. September wollen sich die Staats- und Regierungschefs der EU in Salzburg einfinden, um unter \u00f6sterreichischer F\u00fchrung \u00fcber die Themen Migration und innere Sicherheit zu beraten. Was das hei\u00dft, haben wir in den vergangenen Monaten auf drastische Art und Weise vorgef\u00fchrt bekommen: t\u00f6dliche Abschottung nach au\u00dfen, autorit\u00e4re Kontrolle im Innern. Noch mehr Tote, noch mehr geschlossene Gesellschaft, noch mehr kaputter Alltag. Seenotrettung wird erneut kriminalisiert, Rettungsaktionen gestoppt. Die Konsequenz: So viele Menschen wie schon lange nicht mehr sind seit Beginn dieses Jahres im Mittelmeer ertrunken. Doch dagegen regt sich inzwischen grenz\u00fcbergreifender Widerstand.<\/p>\n<\/div>\n<\/div>\n<\/div>\n<div>\n<div>\n<div>\n<p><!--more-->W\u00e4hrend die Eliten der EU im \u201eMozarteum\u201c der Universit\u00e4t bei Mozartkugeln und vor den Kameras der Welt\u00f6ffentlichkeit mal wieder \u00fcber den \u201eSchutz der EU-Au\u00dfengrenzen\u201c und ihre \u201einnere Sicherheit\u201c reden, wird eine breite internationale Demonstration drau\u00dfen deutlich machen, dass viele Menschen mit diesem Agendasetting nicht einverstanden sind. Das ist auch eine Frage antifaschistischer Solidarit\u00e4t: Dort, wo das B\u00fcndnis zwischen den \u00f6konomischen Interessen der Eliten und dem Gehirnfasching des rechten Mobs erprobt und an die Regierung gebracht wurde, braucht es eine sichtbare und grenz\u00fcbergreifende Gegenbewegung. Es geht dabei um nicht weniger, als darum, eine Banalit\u00e4t mit revolution\u00e4rem Potential \u00f6ffentlich deutlich zu machen: Vor die Wahl gestellt, zwischen der radikalen Ver\u00e4nderung einer Gesellschaftsordnung, die Fluchtgr\u00fcnde und Menschenfeindlichkeit am Flie\u00dfband produziert und dem Sterben lassen im Interesse von Standortkonkurrenz und \u201epolitischer Stabilit\u00e4t\u201c, entscheiden wir uns f\u00fcr das Leben \u2013 und gegen diese Ordnung. Ihre Schreibtischt\u00e4ter haben mit Widerstand zu rechnen.<\/p>\n<p>Informationen zum Ablauf:<\/p>\n<p>Die Gro\u00dfdemonstration gegen das Treffen der Staats- und Regierungschefs der EU wird am 20. September um 14:00 Uhr am Hauptbahnhof in Salzburg stattfinden. Ab 11:00 Uhr wird es am Bahnhofvorplatz eine angemeldete Kundgebung und eine Ausstellung zu Migration und Flucht geben. Ab 11:30 Uhr findet au\u00dferdem ein \u00f6ffentliches Hearing zu Abschiebungen und der Exterritoralisierung des europ\u00e4ischen Grenzregimes nach Nordafrika mit Aktivist_innen aus Sub-Sahara-Afrika statt. Ab 14:00 Uhr startet das Programm der Gro\u00dfdemonstration mit inhaltlichen und musikalischen Beitr\u00e4gen. Mit der Demonstration soll ein klares Zeichen gegen die t\u00f6dliche Migrationspolitik der Europ\u00e4ischen Union und f\u00fcr eine bessere Zukunft f\u00fcr alle Menschen, unabh\u00e4ngig davon woher sie kommen oder wo sie geboren wurden gesetzt werden. Die Herrschenden sollen nicht ungest\u00f6rt dar\u00fcber diskutieren k\u00f6nnen, wie sie tausende von Menschenleben zerst\u00f6ren oder beenden k\u00f6nnen. Wir wollen eine Zukunft, in der kein Mensch mehr Angst haben muss. In dem wir die Produktion des gesellschaftlichen Reichtums f\u00fcr unsere Bed\u00fcrfnisse und fern von Konkurrenz organisieren.<\/p>\n<p>Plant f\u00fcr die Anreise etwas mehr Zeit ein, da etwaige Polizei- oder auch Grenzkontrollen nicht auszuschlie\u00dfen sind. Auf den Mobilisierungs-Homepages werdet ihr rechtliche Informationen dazu finden, ebenfalls k\u00f6nnt ihr Rechtshilfestrukturen an diesem Tag erreichen. Es wird organisierte Anreisem\u00f6glichkeiten mit Bus und Bahn aus verschiedenen St\u00e4dten und Regionen geben. Informationen dazu werden ebenfalls auf unserer Homepage gesammelt. F\u00fcr Wien ist der Treffpunkt f\u00fcr die gemeinsame Anreise p\u00fcnktlich um 08:30 Uhr am Westbahnhof.<\/p>\n<p>Nehmt orange Accessoires mit, T-Shirts, Kappen, M\u00fctzen, T\u00fccher ect. Orange steht f\u00fcr die tausenden Rettungswesten und Rettungsboote, die Farbe ist zum Sinnbild der Katastrophe im Mittelmeer geworden. Doch die Bedeutung dieser Farbe hat sich in den letzten Wochen durch die <a href=\"https:\/\/www.facebook.com\/hashtag\/seebr%C3%BCcken\" target=\"_blank\" rel=\"noopener\">#seebr\u00fccken<\/a> Mobilsierungen auch ver\u00e4ndert, oder hat zumindest eine zus\u00e4tzliche Bedeutung erlangt: Sie steht f\u00fcr die Forderung und die Hoffnung, dass Menschenleben mehr z\u00e4hlen als nationale Abschottungsphantasien.<\/p>\n<p>Inzwischen gibt es eine breite Mobilisierung von linken und linksradikalen Gruppen nach Salzburg:<\/p>\n<p>Bundesweiter Aufruf der Kampagne &#8222;Nationalismus ist keine Alternative&#8220;: <a href=\"https:\/\/nationalismusistkeinealternative.net\/nos20-fight-the-power-fight-fortress-europe\/\">https:\/\/nationalismusistkeinealternative.net\/nos20-fight-the-power-fight&#8230;<\/a><\/p>\n<p>Lokale B\u00fcdnisseite noS20: <a href=\"https:\/\/nos20.blackblogs.org\/tag\/salzburg\/\" target=\"_blank\" rel=\"nofollow noopener\" data-lynx-mode=\"hover\" data-lynx-uri=\"https:\/\/l.facebook.com\/l.php?u=https%3A%2F%2Fnos20.blackblogs.org%2Ftag%2Fsalzburg%2F&amp;h=AT0xRTdd1coj-bqPMIc5lHnTUOQqfs-YbqmTQvaV1JSJN80gok4Nyu5x7UYf9ayrqbBWtBi-pLfnWBYVBVEf1Rx6IJv-Fl2DtyZ9OoaeJzXmu4XHb_uFzx0GxraXUb3V9PkK\">https:\/\/nos20.blackblogs.org\/tag\/salzburg\/<\/a><\/p>\n<p>Gesamtb\u00fcndnis: <a href=\"https:\/\/summit-salzburg.mobi\/\" target=\"_blank\" rel=\"nofollow noopener\" data-lynx-mode=\"hover\" data-lynx-uri=\"https:\/\/l.facebook.com\/l.php?u=https%3A%2F%2Fsummit-salzburg.mobi%2F&amp;h=AT0mgioDeay4NcF3dqtw6IYN3Vud0_Uro6bVxc6NYWApe5iCr97a3fn4FhzcrwJ2j5CV9D950Ldb99PrTMb9pugwfbaVPhTyefg1_PiZl5Mom3k6G0OmfQVMfui0CD6AlPee\">http:\/\/summit-salzburg.mobi\/<\/a> ++<\/p>\n<\/div>\n<\/div>\n<\/div>\n","protected":false},"excerpt":{"rendered":"<p>Quelle: de.indymedia.org Am 20. September wollen sich die Staats- und Regierungschefs der EU in Salzburg einfinden, um unter \u00f6sterreichischer F\u00fchrung \u00fcber die Themen Migration und innere Sicherheit zu beraten. Was das hei\u00dft, haben wir in den vergangenen Monaten auf drastische Art und Weise vorgef\u00fchrt bekommen: t\u00f6dliche Abschottung nach au\u00dfen, autorit\u00e4re Kontrolle im Innern. Noch mehr [&hellip;]<\/p>\n","protected":false},"author":1,"featured_media":0,"comment_status":"closed","ping_status":"closed","sticky":false,"template":"","format":"standard","meta":{"ngg_post_thumbnail":0,"footnotes":""},"categories":[119,236,120],"tags":[441,723,722,403],"class_list":["post-5362","post","type-post","status-publish","format-standard","hentry","category-direkte-aktionenangriffe","category-news","category-osterreich","tag-demonstration","tag-eu-gipfel-salzburg","tag-gegen-den-gipfel-der-herrschaft","tag-osterreich"],"_links":{"self":[{"href":"https:\/\/www.abc-wien.net\/index.php?rest_route=\/wp\/v2\/posts\/5362"}],"collection":[{"href":"https:\/\/www.abc-wien.net\/index.php?rest_route=\/wp\/v2\/posts"}],"about":[{"href":"https:\/\/www.abc-wien.net\/index.php?rest_route=\/wp\/v2\/types\/post"}],"author":[{"embeddable":true,"href":"https:\/\/www.abc-wien.net\/index.php?rest_route=\/wp\/v2\/users\/1"}],"replies":[{"embeddable":true,"href":"https:\/\/www.abc-wien.net\/index.php?rest_route=%2Fwp%2Fv2%2Fcomments&post=5362"}],"version-history":[{"count":3,"href":"https:\/\/www.abc-wien.net\/index.php?rest_route=\/wp\/v2\/posts\/5362\/revisions"}],"predecessor-version":[{"id":5366,"href":"https:\/\/www.abc-wien.net\/index.php?rest_route=\/wp\/v2\/posts\/5362\/revisions\/5366"}],"wp:attachment":[{"href":"https:\/\/www.abc-wien.net\/index.php?rest_route=%2Fwp%2Fv2%2Fmedia&parent=5362"}],"wp:term":[{"taxonomy":"category","embeddable":true,"href":"https:\/\/www.abc-wien.net\/index.php?rest_route=%2Fwp%2Fv2%2Fcategories&post=5362"},{"taxonomy":"post_tag","embeddable":true,"href":"https:\/\/www.abc-wien.net\/index.php?rest_route=%2Fwp%2Fv2%2Ftags&post=5362"}],"curies":[{"name":"wp","href":"https:\/\/api.w.org\/{rel}","templated":true}]}}