{"id":5358,"date":"2018-08-19T22:05:58","date_gmt":"2018-08-19T20:05:58","guid":{"rendered":"http:\/\/www.abc-wien.net\/?p=5358"},"modified":"2018-08-19T22:06:18","modified_gmt":"2018-08-19T20:06:18","slug":"schweiz-tattoo-circus-zurich-2018","status":"publish","type":"post","link":"https:\/\/www.abc-wien.net\/?p=5358","title":{"rendered":"[Schweiz] Tattoo Circus Z\u00fcrich 2018"},"content":{"rendered":"<p>Quelle: <a href=\"https:\/\/de-contrainfo.espiv.net\/2018\/08\/10\/tattoo-circus-zrich-2018\/\">contrainfo.espiv.net<\/a><\/p>\n<p><strong><a href=\"https:\/\/www.abc-wien.net\/?attachment_id=5359\" rel=\"attachment wp-att-5359\"><img loading=\"lazy\" decoding=\"async\" class=\"wp-image-5359 size-full aligncenter\" src=\"https:\/\/www.abc-wien.net\/wp-content\/uploads\/2018\/08\/Bild_Contra.jpg\" alt=\"\" width=\"544\" height=\"383\" srcset=\"https:\/\/www.abc-wien.net\/wp-content\/uploads\/2018\/08\/Bild_Contra.jpg 544w, https:\/\/www.abc-wien.net\/wp-content\/uploads\/2018\/08\/Bild_Contra-300x211.jpg 300w\" sizes=\"(max-width: 544px) 100vw, 544px\" \/><\/a>Tattoo Circus Z\u00fcrich<\/strong><\/p>\n<p>Schon bald findet in Z\u00fcrich der Tattoo Circus statt! \u00dcber 20 Tattoo-K\u00fcnstler*innen werden anreisen, um drei Tage lang zu t\u00e4towieren. Neben Tattoos und PieEcings en masse steht noch einiges mehr an Programm\u2026<\/p>\n<p>es wird Info-Veranstaltungen und Diskussionen zu antiautorit\u00e4ren und anarchistischen K\u00e4mpfen geben. \u00dcber das ganze Wochenende finden Workshops statt, bei denen ihr praktische Dinge lernen k\u00f6nnt \u2013 oder ihr entspannt euch bei einer Massage. Es werden mehrere B\u00fccher- und Infotische bereitstehen, sowie ein Gefangenenschreiben um mit Briefen, Gedichten und Zeichnungen die Knastmauern zu durchbrechen. Und nat\u00fcrlich wird es jeden Tag feines veganes Essen geben, sowie k\u00fchle Getr\u00e4nke und<br \/>\nleckere Cocktails. Freitag- und Samstagabend gibt es Theater, Konzerte, Shows und bis morgens fr\u00fch werden noch DJ*anes auflegen. Alle Infos findet ihr auf unserem Tattoo Circus Blog. Da es ein DIY-Festival ist, meldet euch um mitzuhelfen! Jede*r kann etwas zum Tattoo Circus beitragen. Es gibt noch viele Schichten zu vergeben \u2013 an der Bar, an der Kasse, beim Awareness, beim Kochen, zum Putzen und bei der Kinderbetreuung.<\/p>\n<p>[Zum Tattoo Circus-&gt;<strong><a href=\"https:\/\/hide.espiv.net?https:\/\/tattoocircuszurich.noblogs.org\" target=\"_blank\" rel=\"noopener noreferrer\">https:\/\/tattoocircuszurich.noblogs.org<\/a><\/strong>]<\/p>\n<p><!--more-->Vom 31. August bis zum 2. September 2018 wird im besetzten Koch-Areal in Z\u00fcrich ein Tattoo \u2013 Circus stattfinden. Dieser ist ein nach den Grunds\u00e4tzen des Do-It-Yourself-Prinzips organisiertes Festival. W\u00e4hrend des Tattoo-Circus wird ein Raum entstehen, in dem die Tattoo-Kultur und der Kampf gegen Knast und Repression zusammenkommen. Verschiedene Tattoo-K\u00fcnstler*innen stellen ihre Zeit, Erfahrung, Kreativit\u00e4t und so viel Tinte wie m\u00f6glich zur Verf\u00fcgung, um diese K\u00e4mpfe zu unterst\u00fctzen. Das Prinzip des Tattoo-Circus ist, dass niemand pers\u00f6nlich an dieser Veranstaltung verdient, weder die Tattoowierer*innen oder Piercer*innen, noch die Bands, Referenten*innen oder Performer*innen arbeiten f\u00fcr ihren eigenen Profit. Alle Unterst\u00fctzer*innen stellen ihre F\u00e4higkeiten, Energien und Ressourcen aus \u00dcberzeugung und Solidarit\u00e4t bereit, mit dem Bewusstsein, dass die kompletten Erl\u00f6se denen zu Gute kommen, die entschlossen gegen Staat und Kapital k\u00e4mpfen. Der Tattoo-Circus will sich aber nicht lediglich auf die Tattoo-Kultur beschr\u00e4nken! Es wird ein vielschichtiges Programm vorbereitet, dass sich auf unterschiedliche Weise mit den Themen Knast und Repression besch\u00e4ftigt und zum Mitmachen einl\u00e4dt. So wird es Vortr\u00e4ge, Workshops,<br \/>\nInfos zu Gefangenen und eine Gefangenenpost- Ecke geben. F\u00fcr den Unterhaltungsfaktor werden Performances, Konzerte, sowie Essen und Bar organisiert.<\/p>\n<p><strong>F\u00fcr eine Gesellschaft ohne Kn\u00e4ste und Repression!<\/strong><br \/>\n<strong>F\u00fcr eine Welt ohne Herrschaft!<\/strong><\/p>\n<p><strong>Zu den Veranstaltungen und Workshops<\/strong><br \/>\nFreitag, Samstag und Sonntag wird es jeden Tag mehrere spannende Veranstaltungen zu verschiedenen antiautorit\u00e4ren und anarchistischen K\u00e4mpfen geben. Es kommt eine Person aus den USA, die \u00fcber den Widerstand gegen die US-Gef\u00e4ngnis-Sklaverei erz\u00e4hlen wird. Es gibt Einblicke in den Kampf gegen Kn\u00e4ste in England und was es heisst, sich mit Gefangenen zu<br \/>\nsolidarisieren. Eine weitere Veranstaltung wird \u00fcber die spezifischen Situationen von LGBTQI-Gefangenen in t\u00fcrkischen Kn\u00e4sten berichten, wie sich die wachsende rechtspopulistische Politik auf die LGBTQI-Bewegung auswirkt und wie der Kampf dagegen aussieht. Gef\u00e4hrt*innen aus Italien werden \u00fcber ihre Anti-Rep-Arbeit erz\u00e4hlen, sowie uns auf den neusten Stand der Repression gegen anarchistische und antiautorit\u00e4re K\u00e4mpfe in Italien bringen. Auch \u00fcber den G20 in Hamburg wird es eine Veranstaltung<br \/>\ngeben: Wir wollen Einsch\u00e4tzungen, Erfahrungen und Analysen zu dem Moment der Revolte miteinander teilen, sowie \u00fcber den Stand der Repression informieren. Zudem finden Veranstaltungen zu aktuellen Themen in der Schweiz statt, etwa \u00fcber die geplanten Bundeslager und deren Sabotage oder Updates und Infos \u00fcber die Repression in Basel. Zudem m\u00f6chten wir<br \/>\nam Tattoo Circus 2018 in Z\u00fcrich eine gemeinsame Austausch- und Diskussionsrunde zu Anti-Terror Gesetzen und der Repression gegen anarchistische und antiautorit\u00e4re K\u00e4mpfe machen. Es wird, neben einem Input \u00fcber das geplante Anti-Terror-Gesetz in der Schweiz, auch kurze Inputs aus anderen L\u00e4ndern geben, um gemeinsam zu diskutieren. Das ganze Programm und die Veranstaltungszeiten k\u00f6nnt ihr [<a href=\"https:\/\/hide.espiv.net?http:\/\/tattoocircuszurich.noblogs.org\/prasentationen-presentations\/\" target=\"_blank\" rel=\"noopener\"><strong>-&gt;hier anschauen<\/strong><\/a>].<br \/>\nZudem werden wir am Sonntag den 02. September den [<strong>-&gt;<a href=\"https:\/\/hide.espiv.net?https:\/\/tattoocircuszurich.noblogs.org\/filme-movies\/\" target=\"_blank\" rel=\"noopener\">Film \u201cDeckname Jenny\u201d<\/a><\/strong>] zeigen und es gibt eine anschliessende Diskussion mit zwei ehemaligen Militanten Anarchisten.<\/p>\n<p>Neben den Veranstaltungen gibt Workshops: Beim Aktionsklettern bekommt ihr einen Einblick in die Welt des Aktionskletterns, im Schweissworkshop k\u00f6nnt ihr Kr\u00e4henf\u00fcsse oder Zwillen schweissen. F\u00fcr kreatives Malen gibt es einen Workshop, an dem ihr lernt wie ihr einen Feuerl\u00f6scher auch zum malen umfunktionieren k\u00f6nnt . F\u00fcr die feinere Kreativit\u00e4t k\u00f6nnt ihr den \u00abstick and poke\u00bb-Workshop besuchen, bei dem ihr selber t\u00e4towieren lernt. Wenn ihr Lust habt zu schweben, gibt es einen HOOK Suspension Workshop \u2013 f\u00fcr Anf\u00e4nger*innen und alle anderen. Zudem wird es die M\u00f6glichkeit geben eure Smartphones, Laptops, Festplatten und Sticks zu verschl\u00fcsseln. Mehr dazu findet ihr [-&gt;<a href=\"https:\/\/hide.espiv.net?https:\/\/tattoocircuszurich.noblogs.org\/workshops\/\" target=\"_blank\" rel=\"noopener\"><strong>hier<\/strong><\/a>].<\/p>\n<p><strong>Zu dem Abendprogramm<\/strong><br \/>\nAm Freitag- und Samstagabend wird es ein langes und vielseitiges Abendprogramm geben. Beginnen wird es jeweils um 17 Uhr auf der Aussenb\u00fchne im Kochareal. Am Freitag wird das autonome Theater Z\u00fcrich ein Forumtheater zu Szenen der Repression machen und im Anschluss spielt die bekannte Anarcho-punk Band Ren\u00e9 Binam\u00e9. Dann wir euch das anarcho-queer Cabaret Black Circus f\u00fcr fast zwei Stunden mit Tanzshow, Musik und spoken words eine burleske Show zeigen. Desweiteren wird die Rap-Crew the Labrats Bugband aus Lausanne die Stimmung einheizen und G\u00f6ldin &amp; Bittuner werden uns ihre altbekannten Beats und Raps in das Hirn pflanzen. Das ist aber noch lange nicht alles f\u00fcr den Freitagabend: Hyenaz aus Berlin performt ihre atemberaubende Show \u201eThe critical Magic\u201c und Lester wird uns in eine Welt der Tanzperformance zu Pop, Techno Disco und Jazz entf\u00fchren. Eine weitere Performance-Show wird es noch von \u2018Iwlij Haghjaj und Tiny Tramp &amp; Selfie the Clown geben. Zum Ausklingen gibt es dann noch Hits aus der Welt des Waves, die uns bis zur fr\u00fchen Morgenstunden tanzen lassen.<\/p>\n<p>Am Samstag gibt es als erstes wieder ein Theater auf der Aussenb\u00fchne und anschliessend wird es laut mit der Band FabrikFabrik aus Berlin. Dann spielen noch NoWaves ihren unterk\u00fchlten, garagigen, LoFi-Wave auf der Aussenb\u00fchne. Auch f\u00fcr Performance ist am Samstag gesorgt: Dies wird in einer 45 Min\u00fctigen Show von Twisted Sister Sideshow pr\u00e4sentiert, sowie von Vagina&nbsp; Dentata. F\u00fcr d\u00fcsteren Rap aus Frankreich kommt le Crabe &amp; Optimis GNF auf die B\u00fchne und wird uns mit basslastigen Beats wegblasen. F\u00fcr ein Riesenchaos sorgt dann noch Zaperlipopette aus Basel die, wie ihr Name schon andeutet, ein zappeliges und frikliges Konzert spielen. Nach all den Shows und Konzerten wird schliesslich Figgdisam seine besten HipHop platten unter die Nadel werfen und OPAK zu Trap tanzen lassen. Das ganze Konzert und Show Programm findet ihr [-&gt;<a href=\"https:\/\/hide.espiv.net?https:\/\/tattoocircuszurich.noblogs.org\/konzerte-und-shows-concerts-and-shows\" target=\"_blank\" rel=\"noopener\"><strong>hier<\/strong><\/a>].<\/p>\n<p>Wir freuen uns auf das vielf\u00e4ltige Programm am Tattoo Circus. Und vorallem freuen wir uns darauf, das Wochenende mit euch zusammen zu verbringen, um gemeinsam verschiedenste anarchistische und anti-autorit\u00e4re Projekte zu unterst\u00fctzen. Kommt alle und beteiligt euch am Tattoo Circus. Zeigt eure Solidarit\u00e4t!<\/p>\n<p><strong>Gemeinsam gegen jegliche Autorit\u00e4ten \u2013 f\u00fcr eine solidarische Zukunft in Freiheit! Gegen die kapitalistische Gesellschaft, Unterdr\u00fcckung, Ausbeutung und gegen alle Formen des Wegsperrens \u2013 Freiheit f\u00fcr alle!<\/strong><\/p>\n","protected":false},"excerpt":{"rendered":"<p>Quelle: contrainfo.espiv.net Tattoo Circus Z\u00fcrich Schon bald findet in Z\u00fcrich der Tattoo Circus statt! \u00dcber 20 Tattoo-K\u00fcnstler*innen werden anreisen, um drei Tage lang zu t\u00e4towieren. Neben Tattoos und PieEcings en masse steht noch einiges mehr an Programm\u2026 es wird Info-Veranstaltungen und Diskussionen zu antiautorit\u00e4ren und anarchistischen K\u00e4mpfen geben. \u00dcber das ganze Wochenende finden Workshops statt, [&hellip;]<\/p>\n","protected":false},"author":1,"featured_media":0,"comment_status":"closed","ping_status":"closed","sticky":false,"template":"","format":"standard","meta":{"ngg_post_thumbnail":0,"footnotes":""},"categories":[114,115,412,251],"tags":[201,526,221],"class_list":["post-5358","post","type-post","status-publish","format-standard","hentry","category-anarchismus","category-gefangene","category-knast","category-veranstaltung","tag-schweiz","tag-tattoo-circus","tag-zurich"],"_links":{"self":[{"href":"https:\/\/www.abc-wien.net\/index.php?rest_route=\/wp\/v2\/posts\/5358"}],"collection":[{"href":"https:\/\/www.abc-wien.net\/index.php?rest_route=\/wp\/v2\/posts"}],"about":[{"href":"https:\/\/www.abc-wien.net\/index.php?rest_route=\/wp\/v2\/types\/post"}],"author":[{"embeddable":true,"href":"https:\/\/www.abc-wien.net\/index.php?rest_route=\/wp\/v2\/users\/1"}],"replies":[{"embeddable":true,"href":"https:\/\/www.abc-wien.net\/index.php?rest_route=%2Fwp%2Fv2%2Fcomments&post=5358"}],"version-history":[{"count":2,"href":"https:\/\/www.abc-wien.net\/index.php?rest_route=\/wp\/v2\/posts\/5358\/revisions"}],"predecessor-version":[{"id":5361,"href":"https:\/\/www.abc-wien.net\/index.php?rest_route=\/wp\/v2\/posts\/5358\/revisions\/5361"}],"wp:attachment":[{"href":"https:\/\/www.abc-wien.net\/index.php?rest_route=%2Fwp%2Fv2%2Fmedia&parent=5358"}],"wp:term":[{"taxonomy":"category","embeddable":true,"href":"https:\/\/www.abc-wien.net\/index.php?rest_route=%2Fwp%2Fv2%2Fcategories&post=5358"},{"taxonomy":"post_tag","embeddable":true,"href":"https:\/\/www.abc-wien.net\/index.php?rest_route=%2Fwp%2Fv2%2Ftags&post=5358"}],"curies":[{"name":"wp","href":"https:\/\/api.w.org\/{rel}","templated":true}]}}