{"id":5281,"date":"2018-08-09T16:46:17","date_gmt":"2018-08-09T14:46:17","guid":{"rendered":"http:\/\/www.abc-wien.net\/?p=5281"},"modified":"2018-08-09T16:46:17","modified_gmt":"2018-08-09T14:46:17","slug":"chile-aufruf-zu-einer-internationalen-agitationswoche-fur-die-6-im-21-mai-fall-beschuldigten","status":"publish","type":"post","link":"https:\/\/www.abc-wien.net\/?p=5281","title":{"rendered":"[Chile] Aufruf zu einer Internationalen Agitationswoche f\u00fcr die 6 im \u201c21. Mai\u201d-Fall, Beschuldigten"},"content":{"rendered":"<p>Quelle: <a href=\"https:\/\/de-contrainfo.espiv.net\/2018\/08\/08\/chile-aufruf-zu-einer-internationalen-agitationswoche-fur-die-6-im-quot-21-mai-quot-fall-beschuldigten\/\" target=\"_blank\" rel=\"noopener\">contra info<\/a><\/p>\n<p><strong><a href=\"https:\/\/www.abc-wien.net\/?attachment_id=5282\" rel=\"attachment wp-att-5282\"><img loading=\"lazy\" decoding=\"async\" class=\"alignleft size-medium wp-image-5282\" src=\"https:\/\/www.abc-wien.net\/wp-content\/uploads\/2018\/08\/AFIXE-300x200.jpg\" alt=\"\" width=\"300\" height=\"200\" srcset=\"https:\/\/www.abc-wien.net\/wp-content\/uploads\/2018\/08\/AFIXE-300x200.jpg 300w, https:\/\/www.abc-wien.net\/wp-content\/uploads\/2018\/08\/AFIXE.jpg 595w\" sizes=\"(max-width: 300px) 100vw, 300px\" \/><\/a>Woche der Agitation und Propaganda, ab Montag, den 13. August, f\u00fcr die Annulierung des Urteils der 6, aufgrund des \u201c21. Mai\u201d&nbsp; Falles, Beschuldigten.<\/strong><\/p>\n<p>Am 21. Mai 2016 starb in Valparaiso ein Arbeiter, der, w\u00e4hrend der Proteste f\u00fcr mehr soziale Ausgaben, an seinem Arbeitsplatz eingesperrt war. Mittels der ekelhaften, b\u00fcrgerlichen Presse, beschuldigten&nbsp;<span lang=\"de-DE\">Polizei und&nbsp;<\/span><span lang=\"de-DE\">der&nbsp;<\/span><span lang=\"de-DE\">Geheimdienst&nbsp;<\/span><span lang=\"de-DE\">schnell anarchistische Kreise und Verteidiger*innen der Erde. Einige Monate sp\u00e4ter wurden 6 Gef\u00e4hrt\u00ecnnen verhaftet, alleine weil sie sich an Instanzen zur Verteidigung der Erde beteiligt haben. Nach fast zwei Jahren&nbsp;<\/span><span lang=\"de-DE\">Gerichtsverfahren, mit verf\u00e4lschten Gerichtsakten und Einmischung des Geheimdienstes ANI und&nbsp;<\/span>nicht eindeutigen Beweisen, wurden sie zu Haftstrafen zwischen 10 und 15 Jahren verurteilt.<\/p>\n<p><!--more--><\/p>\n<p lang=\"en-US\">Gegenw\u00e4rtig \u00fcberpr\u00fcft der Oberste Gerichthof eine Nichtigkeitsklage des Urteils.<\/p>\n<p lang=\"en-US\">Vor diesem Hintergrund rufen wir alle Einzelpersonen, Kollektive und Angeh\u00f6rige aus allen Gebieten dazu auf, diese Inszenierung sichtbar werden zu lassen, die versucht unsere Gef\u00e4hrt*innen, aufgrund ihres Kampfes zur Verteidigung der Erde, gegen extraktive Projekte, wie die IIRSA, einzusperren.<\/p>\n<p><strong><span lang=\"en-US\">Nein zur IIRSA, Nieder mit&nbsp;<\/span><span lang=\"en-US\">den&nbsp;<\/span><span lang=\"en-US\">Kn\u00e4sten, Gerichten und Inszenierungen. Freiheit den&nbsp;<\/span><span lang=\"en-US\">6,<\/span><\/strong><span lang=\"en-US\"><strong>&nbsp;f\u00fcr den \u201c21. Mai\u201d-Fall, Beschuldigten.<\/strong><\/span><\/p>\n","protected":false},"excerpt":{"rendered":"<p>Quelle: contra info Woche der Agitation und Propaganda, ab Montag, den 13. August, f\u00fcr die Annulierung des Urteils der 6, aufgrund des \u201c21. Mai\u201d&nbsp; Falles, Beschuldigten. Am 21. Mai 2016 starb in Valparaiso ein Arbeiter, der, w\u00e4hrend der Proteste f\u00fcr mehr soziale Ausgaben, an seinem Arbeitsplatz eingesperrt war. Mittels der ekelhaften, b\u00fcrgerlichen Presse, beschuldigten&nbsp;Polizei und&nbsp;der&nbsp;Geheimdienst&nbsp;schnell [&hellip;]<\/p>\n","protected":false},"author":1,"featured_media":0,"comment_status":"closed","ping_status":"closed","sticky":false,"template":"","format":"standard","meta":{"ngg_post_thumbnail":0,"footnotes":""},"categories":[115,412,236,615],"tags":[708,156,401,242,519],"class_list":["post-5281","post","type-post","status-publish","format-standard","hentry","category-gefangene","category-knast","category-news","category-solidaritat","tag-21-mai-fall","tag-chile","tag-gefangene","tag-knast","tag-prozess"],"_links":{"self":[{"href":"https:\/\/www.abc-wien.net\/index.php?rest_route=\/wp\/v2\/posts\/5281"}],"collection":[{"href":"https:\/\/www.abc-wien.net\/index.php?rest_route=\/wp\/v2\/posts"}],"about":[{"href":"https:\/\/www.abc-wien.net\/index.php?rest_route=\/wp\/v2\/types\/post"}],"author":[{"embeddable":true,"href":"https:\/\/www.abc-wien.net\/index.php?rest_route=\/wp\/v2\/users\/1"}],"replies":[{"embeddable":true,"href":"https:\/\/www.abc-wien.net\/index.php?rest_route=%2Fwp%2Fv2%2Fcomments&post=5281"}],"version-history":[{"count":1,"href":"https:\/\/www.abc-wien.net\/index.php?rest_route=\/wp\/v2\/posts\/5281\/revisions"}],"predecessor-version":[{"id":5283,"href":"https:\/\/www.abc-wien.net\/index.php?rest_route=\/wp\/v2\/posts\/5281\/revisions\/5283"}],"wp:attachment":[{"href":"https:\/\/www.abc-wien.net\/index.php?rest_route=%2Fwp%2Fv2%2Fmedia&parent=5281"}],"wp:term":[{"taxonomy":"category","embeddable":true,"href":"https:\/\/www.abc-wien.net\/index.php?rest_route=%2Fwp%2Fv2%2Fcategories&post=5281"},{"taxonomy":"post_tag","embeddable":true,"href":"https:\/\/www.abc-wien.net\/index.php?rest_route=%2Fwp%2Fv2%2Ftags&post=5281"}],"curies":[{"name":"wp","href":"https:\/\/api.w.org\/{rel}","templated":true}]}}