{"id":4151,"date":"2017-11-02T17:23:18","date_gmt":"2017-11-02T16:23:18","guid":{"rendered":"http:\/\/www.abc-wien.net\/?p=4151"},"modified":"2017-11-02T17:23:18","modified_gmt":"2017-11-02T16:23:18","slug":"wien-anarchistisches-cafe-am-so-5-11-17","status":"publish","type":"post","link":"https:\/\/www.abc-wien.net\/?p=4151","title":{"rendered":"[Wien] Anarchistisches Cafe am So 5.11.17"},"content":{"rendered":"<div class=\"moz-text-html\" lang=\"x-unicode\">\n<p>Alle Infos am <a href=\"http:\/\/acafewien.blogsport.eu\/\" target=\"_blank\" rel=\"noopener\">A-Cafe-Blog<\/a>!<\/p>\n<p><strong><img loading=\"lazy\" decoding=\"async\" class=\"alignleft  wp-image-4152\" src=\"https:\/\/www.abc-wien.net\/wp-content\/uploads\/2017\/11\/cropped-acat_nacht-1-742x1024-742x1024.jpg\" alt=\"\" height=\"400\" width=\"290\" srcset=\"https:\/\/www.abc-wien.net\/wp-content\/uploads\/2017\/11\/cropped-acat_nacht-1-742x1024.jpg 742w, https:\/\/www.abc-wien.net\/wp-content\/uploads\/2017\/11\/cropped-acat_nacht-1-742x1024-217x300.jpg 217w\" sizes=\"(max-width: 290px) 100vw, 290px\" \/>Wie kommunizieren i<\/strong><strong>n einer zunehmend <\/strong><strong>d<\/strong><strong>igitalen, \u201e<\/strong><strong>smarten\u201c Welt<\/strong><strong>?<\/strong><\/p>\n<p>Plakate, die Veranstaltungen bewerben, werden immer seltener. Teilweise l\u00e4dt kein Flyer mehr zur Demo ein, sondern eine chat-Gruppe, facebook oder twitter.<\/p>\n<p>Dieser Wandel an Kommunikationsmittel zieht sich durch die gesamte Gesellschaft, deren Kritiker_innen nicht selten eingeschlossen.<\/p>\n<p>Es gibt Argumente, die sich klar gegen die Verwendung von facebook und Co. stellen, indem sie deren Funktion als Datenklau- und \u00dcberwachugs(hilfe)-Konzerne betonen.<\/p>\n<p>Andere Sichtweisen sind zwiesp\u00e4ltig: So k\u00f6nnen soziale Netzwerke dezentrale Organisation und spontanen Austausch erm\u00f6glichen, sind aber andererseits anf\u00e4llig f\u00fcr Repression und \u00dcberwachung.<\/p>\n<p>Aber auch klar positive Argumente sind zu finden. Immerhin k\u00f6nnen durch sog. soziale Netzwerke viel einfacher und schneller Menschen erreicht werden als das bei \u201eklassischen\u201c Kommunikationsmitteln wie Plakaten und Flyern der Fall ist.<\/p>\n<p>&nbsp;Im diesmaligen Caf\u00e9 wollen wir uns mit der Thematik herrschafts- und selbstkritisch auseinandersetzen und uns z.B. folgende Fragen stellen:<\/p>\n<ul>\n<li>Was kann eine herrschaftskritische Perspektive auf die Nutzung von Plattformen wie Facebook und Co. sein?<\/li>\n<li>Haben sog. soziale Netzwerke etc. widerst\u00e4ndiges Potential?<\/li>\n<li>Wie gehen wir mit einem gesellschaftlichen Normalzustand um, in dem sog. soziale Netzwerke mittels smart devices die g\u00e4ngige Kommunikationsform darstellen?<\/li>\n<li>Inwiefern beg\u00fcnstigen bzw. begr\u00fcnden facebook usw. einen gesellschaftlichen Normalzustand, wo u.a. die Zustimmung zu \u00dcberwachung und (freiwillige) Datenpreisgabe selbstverst\u00e4ndlich ist?<\/li>\n<li>Laufen Anarchist_innen, wenn sie die Nutzung dieser Kommunikationsplattformen verweigern, in Gefahr, kaum mehr (neue, meist junge) Menschen mit ihren Ideen zu erreichen?<\/li>\n<\/ul>\n<p align=\"center\">&#8212;&#8212;&#8212;&#8212;&#8212;&#8212;&#8212;&#8212;&#8212;&#8212;&#8212;&#8212;&#8212;&#8212;&#8212;&#8212;&#8211;<\/p>\n<p>Die Idee hinter dem anarchistischen Caf\u00e9 ist, dass wir ein gem\u00fctliches Zusammenkommen und lebendigen Austausch von Menschen, die sich f\u00fcr Herrschaftskritik und Anarchismus interessieren, erm\u00f6glichen wollen.<\/p>\n<p>Ein wertsch\u00e4tzender Umgang miteinander ist uns wichtig!<br \/>\nEs wird Getr\u00e4nke und auch was zu Essen geben, gerne k\u00f6nnt ihr auch selber etwas mitbringen (bitte vegan\/dumpster-vegetarisch)<\/p>\n<p><strong>Wann: So, 5.11. gemeinsam Kochen ab 18:00, Diskussion ab 20:00<br \/>\nWo: Perpetuum Mobile &#8211; Geibelgasse 23, 1150 Wien<\/strong><\/p>\n<p>Wir freuen uns auf euer Kommen!<\/p>\n<\/div>\n","protected":false},"excerpt":{"rendered":"<p>Alle Infos am A-Cafe-Blog! Wie kommunizieren in einer zunehmend digitalen, \u201esmarten\u201c Welt? Plakate, die Veranstaltungen bewerben, werden immer seltener. Teilweise l\u00e4dt kein Flyer mehr zur Demo ein, sondern eine chat-Gruppe, facebook oder twitter. Dieser Wandel an Kommunikationsmittel zieht sich durch die gesamte Gesellschaft, deren Kritiker_innen nicht selten eingeschlossen. Es gibt Argumente, die sich klar gegen [&hellip;]<\/p>\n","protected":false},"author":1,"featured_media":0,"comment_status":"closed","ping_status":"closed","sticky":false,"template":"","format":"standard","meta":{"ngg_post_thumbnail":0,"footnotes":""},"categories":[114,118,236,120,251],"tags":[606,128],"class_list":["post-4151","post","type-post","status-publish","format-standard","hentry","category-anarchismus","category-kritikselbstkritik","category-news","category-osterreich","category-veranstaltung","tag-a-cafe","tag-wien"],"_links":{"self":[{"href":"https:\/\/www.abc-wien.net\/index.php?rest_route=\/wp\/v2\/posts\/4151"}],"collection":[{"href":"https:\/\/www.abc-wien.net\/index.php?rest_route=\/wp\/v2\/posts"}],"about":[{"href":"https:\/\/www.abc-wien.net\/index.php?rest_route=\/wp\/v2\/types\/post"}],"author":[{"embeddable":true,"href":"https:\/\/www.abc-wien.net\/index.php?rest_route=\/wp\/v2\/users\/1"}],"replies":[{"embeddable":true,"href":"https:\/\/www.abc-wien.net\/index.php?rest_route=%2Fwp%2Fv2%2Fcomments&post=4151"}],"version-history":[{"count":1,"href":"https:\/\/www.abc-wien.net\/index.php?rest_route=\/wp\/v2\/posts\/4151\/revisions"}],"predecessor-version":[{"id":4153,"href":"https:\/\/www.abc-wien.net\/index.php?rest_route=\/wp\/v2\/posts\/4151\/revisions\/4153"}],"wp:attachment":[{"href":"https:\/\/www.abc-wien.net\/index.php?rest_route=%2Fwp%2Fv2%2Fmedia&parent=4151"}],"wp:term":[{"taxonomy":"category","embeddable":true,"href":"https:\/\/www.abc-wien.net\/index.php?rest_route=%2Fwp%2Fv2%2Fcategories&post=4151"},{"taxonomy":"post_tag","embeddable":true,"href":"https:\/\/www.abc-wien.net\/index.php?rest_route=%2Fwp%2Fv2%2Ftags&post=4151"}],"curies":[{"name":"wp","href":"https:\/\/api.w.org\/{rel}","templated":true}]}}