{"id":4135,"date":"2017-10-31T12:40:12","date_gmt":"2017-10-31T11:40:12","guid":{"rendered":"http:\/\/www.abc-wien.net\/?p=4135"},"modified":"2017-10-31T12:49:47","modified_gmt":"2017-10-31T11:49:47","slug":"solidaritat-mit-den-turin-7","status":"publish","type":"post","link":"https:\/\/www.abc-wien.net\/?p=4135","title":{"rendered":"SOLIDARIT\u00c4T MIT DEN TURIN 7!"},"content":{"rendered":"<div id=\"attachment_4137\" style=\"width: 400px\" class=\"wp-caption alignleft\"><a href=\"https:\/\/www.abc-wien.net\/wp-content\/uploads\/2017\/10\/flyer-german.jpeg\"><img loading=\"lazy\" decoding=\"async\" aria-describedby=\"caption-attachment-4137\" class=\"wp-image-4137\" src=\"https:\/\/www.abc-wien.net\/wp-content\/uploads\/2017\/10\/flyer-german.jpeg\" alt=\"\" width=\"390\" height=\"553\" srcset=\"https:\/\/www.abc-wien.net\/wp-content\/uploads\/2017\/10\/flyer-german.jpeg 582w, https:\/\/www.abc-wien.net\/wp-content\/uploads\/2017\/10\/flyer-german-211x300.jpeg 211w\" sizes=\"(max-width: 390px) 100vw, 390px\" \/><\/a><p id=\"caption-attachment-4137\" class=\"wp-caption-text\"><span style=\"color: #000000;\">Flyer (Deutsche Version)<\/span><\/p><\/div>\n<p><strong>SOLIDARIT\u00c4T MIT DEN TURIN 7!<\/strong><\/p>\n<p>Wir sahen sie gegen den Bau einer Hochgeschwindigkeitsbahn im Val di Susa Tal k\u00e4mpfen. Wir sahen sie gegen Gef\u00e4ngnisse und Abschiebekn\u00e4ste in Turin k\u00e4mpfen. Wir sahen sie gegen die Festung Europa am Brenner k\u00e4mpfen. Wir lernten ihre Fokussiertheit f\u00fcr die Vernetzung von anarchistischen Gef\u00e4hrt_innen kennen. Wir lernten ihre Scharfsinnigkeit im Bezug auf anarchistische Ideale kennen.<\/p>\n<p>Wir lernten ihre Leidenschaft f\u00fcr Musik und wilde N\u00e4chte kennen.<\/p>\n<p>Die K\u00e4mpfe von Anarchistinnen und Anarchisten von anderen Orten inspirieren uns. Sie geben uns in Zeiten von D\u00fcrre und Frustration,&nbsp; hierorts, Kraft und Mut den Kampf gegen die herrschenden Ordnungen in allen Bereichen weiter zu f\u00fchren. Auszubauen. Wieder neu auf zu nehmen. Oder \u00fcberhaupt erst bewusst zu werden das wir Anarchistinnen und Anarchisten sein wollen oder sind.<\/p>\n<p>Nun sehen wir 7 von ihnen hinter Gitter und in Hausarrest. Wir wollen unsere Solidarit\u00e4t zeigen, ihre K\u00e4mpfe draussen mit unseren Mitteln weiterf\u00fchren &#8211; weil sie es gerade nicht k\u00f6nnen. Ihnen Briefe schreiben in denen wir von Orten erz\u00e4hlen &#8211; weil sie diese Orte gerade nicht sehen k\u00f6nnen. Wir wollen Geld f\u00fcr das t\u00e4gliche Leben organisieren &#8211; weil sie es gerade nicht selber machen k\u00f6nnen.<\/p>\n<p>Am 4. Mai 2017 wurden Antonio, Antonio, Camille, Fabiola, Francisco und Giada in Turin verhaftet. Am liebsten h\u00e4tten die Schergen der Repression an diesem Tag auch noch Greg verhaftet . Er begab sich aber in die Klandestinit\u00e4t und konnte aber leider Ende Juli auch verhaftet werden. Einige kamen nach einigen Wochen, unter strengen Bedingungen, in den Hausarrest. Andere mussten mehrere Monate in Untersuchungshaft verbringen. Vorgeworfen wird ihnen Widerstand gegen eine Polizeioperation in ihrem Viertel geleistet zu haben, die Polizei musste an diesem Tag unverrichteter Tat mit ihrer Scheisskarosse t\u00fcrmen. Anfang November soll ihnen nun der Prozess gemacht werden.<\/p>\n<p><strong>Jedes mal wenn die Repression auf Anarchistinnen und Anarchisten einwirkt, betrifft es uns alle, weil unser Kampf gegen Herrschaft und Untedr\u00fcckung angegriffen wird. <\/strong><\/p>\n<p><strong>Zeigen wir uns solidarisch!<\/strong><\/p>\n<p><strong>F\u00fcr die sofortige Freilassung der Turin 7!<\/strong><\/p>\n<p>_______________________________________________________________________________<\/p>\n<p>&nbsp;<\/p>\n<p>(english version)<\/p>\n<div id=\"attachment_4136\" style=\"width: 400px\" class=\"wp-caption alignleft\"><a href=\"https:\/\/www.abc-wien.net\/wp-content\/uploads\/2017\/10\/flyer-english.jpeg\"><img loading=\"lazy\" decoding=\"async\" aria-describedby=\"caption-attachment-4136\" class=\"wp-image-4136\" src=\"https:\/\/www.abc-wien.net\/wp-content\/uploads\/2017\/10\/flyer-english.jpeg\" alt=\"\" width=\"390\" height=\"554\" srcset=\"https:\/\/www.abc-wien.net\/wp-content\/uploads\/2017\/10\/flyer-english.jpeg 582w, https:\/\/www.abc-wien.net\/wp-content\/uploads\/2017\/10\/flyer-english-211x300.jpeg 211w\" sizes=\"(max-width: 390px) 100vw, 390px\" \/><\/a><p id=\"caption-attachment-4136\" class=\"wp-caption-text\"><span style=\"color: #000000;\">Flyer (English Version)<\/span><\/p><\/div>\n<p><strong>SOLIDARITY WITH THE TURIN 7!<\/strong><\/p>\n<p>We saw them struggling against the construction of a highspeed train in Val di Susa Valley. We saw them struggling against prisons and a deportation center in Turin. We saw them struggling at Brennero against fortress Europe. We got to know their focus for a network between anarchist comrades. We got to know their acumen in terms of anarchist ideals. We got to know their passion for music and wild nights.<\/p>\n<p>The struggle of anarchists in different places inspire us. It gives us in times of drought and frustration, strength and courage to continue the struggle against the ruling orders in all areas. To expand. To re-take on. Or to create awareness that we are anarchists or want to be anarchists.<\/p>\n<p>Now we see seven of them behind bars and in house arrest. We want to show our solidarity and continue their struggles outside with our means, because right now they just cannot. In letters we write them about different places, because right know they just cannot see this places. We want to organize money for their daily needs because right now they just cannot do it themselves.<\/p>\n<p>On May 4th 2017 Antonio, Antonio, Camille, Fabiola, Francisco and Giada were arrested in Turin. Most of all, the minions of repression would have liked to arrest Greg on that day as well. However, he went into clandestinity and was unfortunately also arrested at the end of July. Some came after a few weeks under restricted conditions in house arrest. Others had to spend several months in custody. They are accused of resisting a police operation in their hood. The police had to leave that day without accomplishing their mission with their crappy van. The date for the trial is set at the beginning of November.<\/p>\n<p><strong>Everytime repression hits against anarchists it affects all of us, because our struggle against domination and oppression gets attacked.<\/strong><\/p>\n<p><strong>Let \u0301s show our solidarity!<\/strong><\/p>\n<p><strong>For the immediate release of the Turin 7!<\/strong><\/p>\n","protected":false},"excerpt":{"rendered":"<p>SOLIDARIT\u00c4T MIT DEN TURIN 7! Wir sahen sie gegen den Bau einer Hochgeschwindigkeitsbahn im Val di Susa Tal k\u00e4mpfen. Wir sahen sie gegen Gef\u00e4ngnisse und Abschiebekn\u00e4ste in Turin k\u00e4mpfen. Wir sahen sie gegen die Festung Europa am Brenner k\u00e4mpfen. Wir lernten ihre Fokussiertheit f\u00fcr die Vernetzung von anarchistischen Gef\u00e4hrt_innen kennen. Wir lernten ihre Scharfsinnigkeit im [&hellip;]<\/p>\n","protected":false},"author":1,"featured_media":0,"comment_status":"closed","ping_status":"closed","sticky":false,"template":"","format":"standard","meta":{"ngg_post_thumbnail":0,"footnotes":""},"categories":[114,115,125],"tags":[290,181,126,605],"class_list":["post-4135","post","type-post","status-publish","format-standard","hentry","category-anarchismus","category-gefangene","category-repression","tag-anarchistinnen","tag-italien","tag-solidaritat","tag-turin-7"],"_links":{"self":[{"href":"https:\/\/www.abc-wien.net\/index.php?rest_route=\/wp\/v2\/posts\/4135"}],"collection":[{"href":"https:\/\/www.abc-wien.net\/index.php?rest_route=\/wp\/v2\/posts"}],"about":[{"href":"https:\/\/www.abc-wien.net\/index.php?rest_route=\/wp\/v2\/types\/post"}],"author":[{"embeddable":true,"href":"https:\/\/www.abc-wien.net\/index.php?rest_route=\/wp\/v2\/users\/1"}],"replies":[{"embeddable":true,"href":"https:\/\/www.abc-wien.net\/index.php?rest_route=%2Fwp%2Fv2%2Fcomments&post=4135"}],"version-history":[{"count":6,"href":"https:\/\/www.abc-wien.net\/index.php?rest_route=\/wp\/v2\/posts\/4135\/revisions"}],"predecessor-version":[{"id":4143,"href":"https:\/\/www.abc-wien.net\/index.php?rest_route=\/wp\/v2\/posts\/4135\/revisions\/4143"}],"wp:attachment":[{"href":"https:\/\/www.abc-wien.net\/index.php?rest_route=%2Fwp%2Fv2%2Fmedia&parent=4135"}],"wp:term":[{"taxonomy":"category","embeddable":true,"href":"https:\/\/www.abc-wien.net\/index.php?rest_route=%2Fwp%2Fv2%2Fcategories&post=4135"},{"taxonomy":"post_tag","embeddable":true,"href":"https:\/\/www.abc-wien.net\/index.php?rest_route=%2Fwp%2Fv2%2Ftags&post=4135"}],"curies":[{"name":"wp","href":"https:\/\/api.w.org\/{rel}","templated":true}]}}