{"id":4116,"date":"2017-10-27T21:34:47","date_gmt":"2017-10-27T19:34:47","guid":{"rendered":"http:\/\/www.abc-wien.net\/?p=4116"},"modified":"2017-10-27T21:34:47","modified_gmt":"2017-10-27T19:34:47","slug":"porto-alegre-brasilien-razzien-gegen-anarchistinnen","status":"publish","type":"post","link":"https:\/\/www.abc-wien.net\/?p=4116","title":{"rendered":"Porto Alegre, Brasilien: Razzien gegen Anarchist*innen"},"content":{"rendered":"<p>(Quelle: <a href=\"https:\/\/de-contrainfo.espiv.net\/2017\/10\/26\/porto-alegre-brasilien-razzien-gegen-anarchistinnen\/\">contrainfo.espiv.net<\/a>)<\/p>\n<p><img loading=\"lazy\" decoding=\"async\" class=\"wp-image-4117 alignnone\" src=\"https:\/\/www.abc-wien.net\/wp-content\/uploads\/2017\/10\/23804562-544x362.jpg\" alt=\"\" width=\"546\" height=\"363\" srcset=\"https:\/\/www.abc-wien.net\/wp-content\/uploads\/2017\/10\/23804562-544x362.jpg 544w, https:\/\/www.abc-wien.net\/wp-content\/uploads\/2017\/10\/23804562-544x362-300x200.jpg 300w\" sizes=\"(max-width: 546px) 100vw, 546px\" \/><\/p>\n<p><img loading=\"lazy\" decoding=\"async\" class=\"size-full wp-image-4118 alignnone\" src=\"https:\/\/www.abc-wien.net\/wp-content\/uploads\/2017\/10\/23804564-544x362.jpg\" alt=\"\" width=\"544\" height=\"362\" srcset=\"https:\/\/www.abc-wien.net\/wp-content\/uploads\/2017\/10\/23804564-544x362.jpg 544w, https:\/\/www.abc-wien.net\/wp-content\/uploads\/2017\/10\/23804564-544x362-300x200.jpg 300w\" sizes=\"(max-width: 544px) 100vw, 544px\" \/><\/p>\n<p style=\"text-align: right;\"><em>eingegangen auf englisch und portugiesisch am 25.10.2017<\/em><\/p>\n<p><em>Anarchistische H\u00e4user und Soziale R\u00e4ume waren am Morgen des 25. Oktober die Ziele einer gro\u00dfen Polizeioperation in Porto Alegre, im S\u00fcden Brasiliens. Die Polizei beschlagnahmte zahlreiches Material und erkl\u00e4rte, dass es sich um Beweismittel f\u00fcr verschiedene&nbsp; Angriffe handeln w\u00fcrde. Wir w\u00fcrden uns freuen, wenn diese Nachricht Verbreitung finden k\u00f6nnte.<\/em><\/p>\n<p>Zwei Tage vor der Anarchistischen Buchmesse in Porto Alegre f\u00fchrte die Polizei mehrere Razzien von H\u00e4usern und bei anarchistischen Freir\u00e4umen durch.<\/p>\n<p>An diesem Mittwoch Morgen st\u00fcrmte die Polizei mehrere H\u00e4user und soziale Zentren in Porto Alegre, s\u00fcdliches Brasilien. Es wurde nach Beweisen f\u00fcr eine laufende Ermittlung gesucht. Die Polizei gab bekannt, dass diese Orte, mit einer Gruppe in Verbindung stehen w\u00fcrden, die angeblich f\u00fcr Brandanschl\u00e4ge auf Polizeiautos, Parteizentralen, Polizeiwachen, Banken und Autoh\u00e4user verantwortlich w\u00e4re. Einige Leute wurden in Gewahrsam genommen, aber sp\u00e4ter entlassen und die Polizei ging aggressiv gegen die Bewohner*innen dieser R\u00e4ume vor.<\/p>\n<p>Es gab insgesamt zehn Durchsuchungsbefehle und Beschlagnahme anarchistischer Materialien, wobei u.a. B\u00fccher, Zines, Poster, Transparente, Computer, Masken, Spraydosen und Plastikflaschen mitgenommen wurden. Die Polizei behauptet, dass diese PLASTIK(!)-Flaschen als Molotow-Cocktails genutzt werden sollten. Nicht einmal die Bullen sind so unwissend, dass sie glauben, dass Molotow-Cocktails aus Plastikflaschen und unbrennbarer Fl\u00fcssigkeit gebaut werden k\u00f6nnen. Tats\u00e4chlich waren diese Flaschen dazu gedacht, sie als recycelte Bausteine f\u00fcr Geb\u00e4ude in \u00f6kologischer Bauweise zu verwenden.<br \/>\n<span lang=\"de-DE\"><br \/>\n<\/span><span lang=\"de-DE\">Die Vorw\u00fcrfe gegen die Gef\u00e4hrt*innen sind versuchter Mord, <\/span><span lang=\"de-DE\">kriminelle Organisation und Bandenbildung. <\/span><span lang=\"de-DE\">Es gibt keine <\/span><span lang=\"de-DE\">Beweise, d<\/span><span lang=\"de-DE\">ie die Ziele der Ermittlungen mit den angeblichen Verbrechen <\/span><span lang=\"de-DE\">in Verbindung bringen. <\/span><span lang=\"de-DE\">Wie viele Male zuvor erfindet die Polizei Beweise und verf\u00e4lscht die Fakten, <\/span><span lang=\"de-DE\">womit auch die <\/span><span lang=\"de-DE\">\u00f6ffentliche Meinung <\/span><span lang=\"de-DE\">beeinflusst werden soll. <\/span><span lang=\"de-DE\">Sie versuchen ernsthafte Anschuldigungen auf Indizien, <\/span><span lang=\"de-DE\">wie den Bes<\/span><span lang=\"de-DE\">itz<\/span><span lang=\"de-DE\"> von <\/span><span lang=\"de-DE\">B\u00fccher<\/span><span lang=\"de-DE\">n<\/span><span lang=\"de-DE\"> oder <\/span><span lang=\"de-DE\">andere<\/span><span lang=\"de-DE\">n<\/span> <span lang=\"de-DE\">anarchistisch<\/span><span lang=\"de-DE\">en<\/span><span lang=\"de-DE\"> Materialie<\/span><span lang=\"de-DE\">n <\/span><span lang=\"de-DE\"> zu st\u00fctzen. <\/span><\/p>\n<p>Diese Polizeiaktion wird nur zwei Tage vor der 8. Anarchistischen Buchmesse in Port0 Alegre durchgef\u00fchrt und soll uns einsch\u00fcchtern und demobilisieren.<\/p>\n<p>Wir schreiben diesen Bericht, um zur Solidarit\u00e4t mit den den von der Polizeiaktion Betroffenen aufzurufen. Die Repression ist weder lokal, noch auf r\u00e4umliche Landesgrenzen beschr\u00e4nkt.<\/p>\n<p><strong>Unser Kampf wird nicht gebeugt, geb\u00e4ndigt oder aufgehalten.&nbsp;&nbsp;<\/strong><\/p>\n<p><strong>Wir sind \u00fcberall!<\/strong><\/p>\n<p>auf <a href=\"https:\/\/en-contrainfo.espiv.net\/2017\/10\/26\/porte-alegre-brazil-police-raided-several-houses-and-anarchists-spaces-in-the-eve-of-anarchist-bookfair\/\" target=\"_blank\" rel=\"noopener noreferrer\"><strong>englisch<\/strong><\/a><\/p>\n","protected":false},"excerpt":{"rendered":"<p>(Quelle: contrainfo.espiv.net) eingegangen auf englisch und portugiesisch am 25.10.2017 Anarchistische H\u00e4user und Soziale R\u00e4ume waren am Morgen des 25. Oktober die Ziele einer gro\u00dfen Polizeioperation in Porto Alegre, im S\u00fcden Brasiliens. Die Polizei beschlagnahmte zahlreiches Material und erkl\u00e4rte, dass es sich um Beweismittel f\u00fcr verschiedene&nbsp; Angriffe handeln w\u00fcrde. Wir w\u00fcrden uns freuen, wenn diese Nachricht [&hellip;]<\/p>\n","protected":false},"author":1,"featured_media":0,"comment_status":"closed","ping_status":"closed","sticky":false,"template":"","format":"standard","meta":{"ngg_post_thumbnail":0,"footnotes":""},"categories":[114,236,125],"tags":[290,603,277,604,404],"class_list":["post-4116","post","type-post","status-publish","format-standard","hentry","category-anarchismus","category-news","category-repression","tag-anarchistinnen","tag-anarchistische-buchmesse-porto-alegre","tag-brasilien","tag-porto-alegre","tag-repression"],"_links":{"self":[{"href":"https:\/\/www.abc-wien.net\/index.php?rest_route=\/wp\/v2\/posts\/4116"}],"collection":[{"href":"https:\/\/www.abc-wien.net\/index.php?rest_route=\/wp\/v2\/posts"}],"about":[{"href":"https:\/\/www.abc-wien.net\/index.php?rest_route=\/wp\/v2\/types\/post"}],"author":[{"embeddable":true,"href":"https:\/\/www.abc-wien.net\/index.php?rest_route=\/wp\/v2\/users\/1"}],"replies":[{"embeddable":true,"href":"https:\/\/www.abc-wien.net\/index.php?rest_route=%2Fwp%2Fv2%2Fcomments&post=4116"}],"version-history":[{"count":1,"href":"https:\/\/www.abc-wien.net\/index.php?rest_route=\/wp\/v2\/posts\/4116\/revisions"}],"predecessor-version":[{"id":4119,"href":"https:\/\/www.abc-wien.net\/index.php?rest_route=\/wp\/v2\/posts\/4116\/revisions\/4119"}],"wp:attachment":[{"href":"https:\/\/www.abc-wien.net\/index.php?rest_route=%2Fwp%2Fv2%2Fmedia&parent=4116"}],"wp:term":[{"taxonomy":"category","embeddable":true,"href":"https:\/\/www.abc-wien.net\/index.php?rest_route=%2Fwp%2Fv2%2Fcategories&post=4116"},{"taxonomy":"post_tag","embeddable":true,"href":"https:\/\/www.abc-wien.net\/index.php?rest_route=%2Fwp%2Fv2%2Ftags&post=4116"}],"curies":[{"name":"wp","href":"https:\/\/api.w.org\/{rel}","templated":true}]}}