{"id":3259,"date":"2016-09-08T12:21:47","date_gmt":"2016-09-08T10:21:47","guid":{"rendered":"http:\/\/www.abc-wien.net\/?p=3259"},"modified":"2016-09-08T12:23:23","modified_gmt":"2016-09-08T10:23:23","slug":"berlin-wien-2-ankundigungen-tattoo-circus-soliparty","status":"publish","type":"post","link":"https:\/\/www.abc-wien.net\/?p=3259","title":{"rendered":"[Berlin &#038; Wien] 2 Ank\u00fcndigungen: Tattoo Circus &#038; Soliparty"},"content":{"rendered":"<p><img loading=\"lazy\" decoding=\"async\" class=\"alignleft wp-image-3260\" src=\"https:\/\/www.abc-wien.net\/wp-content\/uploads\/2016\/09\/Screenshot-from-2016-09-08-121144-135x300.png\" alt=\"tattoo_circus\" width=\"171\" height=\"380\" srcset=\"https:\/\/www.abc-wien.net\/wp-content\/uploads\/2016\/09\/Screenshot-from-2016-09-08-121144-135x300.png 135w, https:\/\/www.abc-wien.net\/wp-content\/uploads\/2016\/09\/Screenshot-from-2016-09-08-121144.png 245w\" sizes=\"(max-width: 171px) 100vw, 171px\" \/>Wie immer im Herbst findet kommendes Wochenende von 9. bis 11. September in Berlin der Tattoo Circus statt &#8211; alle Infos dazu findet ihr am <a href=\"https:\/\/tattoocircusberlin.noblogs.org\" target=\"_blank\">Blog<\/a>. Gegen alle Kn\u00e4ste &#8211; peckn f\u00fcr den guten Zweck.<\/p>\n<p>Au\u00dferdem sind Aaron &amp; Balu nach wie vor im Knast und deshalb gibts in Wien am Freitag, 9. September im EKH eine Soliparty f\u00fcr die zwei Gefangenen &#8211; kommt alle und macht noch brav Werbung.<\/p>\n<p><img loading=\"lazy\" decoding=\"async\" class=\"alignleft wp-image-3261\" src=\"https:\/\/www.abc-wien.net\/wp-content\/uploads\/2016\/09\/Screenshot-from-2016-09-08-121341-300x282.png\" alt=\"soliparty_riga\" width=\"384\" height=\"361\" srcset=\"https:\/\/www.abc-wien.net\/wp-content\/uploads\/2016\/09\/Screenshot-from-2016-09-08-121341-300x282.png 300w, https:\/\/www.abc-wien.net\/wp-content\/uploads\/2016\/09\/Screenshot-from-2016-09-08-121341.png 587w\" sizes=\"(max-width: 384px) 100vw, 384px\" \/><\/p>\n","protected":false},"excerpt":{"rendered":"<p>Wie immer im Herbst findet kommendes Wochenende von 9. bis 11. September in Berlin der Tattoo Circus statt &#8211; alle Infos dazu findet ihr am Blog. Gegen alle Kn\u00e4ste &#8211; peckn f\u00fcr den guten Zweck. Au\u00dferdem sind Aaron &amp; Balu nach wie vor im Knast und deshalb gibts in Wien am Freitag, 9. September im [&hellip;]<\/p>\n","protected":false},"author":1,"featured_media":0,"comment_status":"closed","ping_status":"closed","sticky":false,"template":"","format":"standard","meta":{"ngg_post_thumbnail":0,"footnotes":""},"categories":[115,412,120,251],"tags":[525,524,526,128],"class_list":["post-3259","post","type-post","status-publish","format-standard","hentry","category-gefangene","category-knast","category-osterreich","category-veranstaltung","tag-aaron-balu","tag-soliparty","tag-tattoo-circus","tag-wien"],"_links":{"self":[{"href":"https:\/\/www.abc-wien.net\/index.php?rest_route=\/wp\/v2\/posts\/3259"}],"collection":[{"href":"https:\/\/www.abc-wien.net\/index.php?rest_route=\/wp\/v2\/posts"}],"about":[{"href":"https:\/\/www.abc-wien.net\/index.php?rest_route=\/wp\/v2\/types\/post"}],"author":[{"embeddable":true,"href":"https:\/\/www.abc-wien.net\/index.php?rest_route=\/wp\/v2\/users\/1"}],"replies":[{"embeddable":true,"href":"https:\/\/www.abc-wien.net\/index.php?rest_route=%2Fwp%2Fv2%2Fcomments&post=3259"}],"version-history":[{"count":3,"href":"https:\/\/www.abc-wien.net\/index.php?rest_route=\/wp\/v2\/posts\/3259\/revisions"}],"predecessor-version":[{"id":3264,"href":"https:\/\/www.abc-wien.net\/index.php?rest_route=\/wp\/v2\/posts\/3259\/revisions\/3264"}],"wp:attachment":[{"href":"https:\/\/www.abc-wien.net\/index.php?rest_route=%2Fwp%2Fv2%2Fmedia&parent=3259"}],"wp:term":[{"taxonomy":"category","embeddable":true,"href":"https:\/\/www.abc-wien.net\/index.php?rest_route=%2Fwp%2Fv2%2Fcategories&post=3259"},{"taxonomy":"post_tag","embeddable":true,"href":"https:\/\/www.abc-wien.net\/index.php?rest_route=%2Fwp%2Fv2%2Ftags&post=3259"}],"curies":[{"name":"wp","href":"https:\/\/api.w.org\/{rel}","templated":true}]}}