{"id":2324,"date":"2015-08-13T17:50:53","date_gmt":"2015-08-13T15:50:53","guid":{"rendered":"http:\/\/www.abc-wien.net\/?p=2324"},"modified":"2015-08-13T17:50:53","modified_gmt":"2015-08-13T15:50:53","slug":"aufruf-fur-eine-internationale-woche-fur-anarchistische-gefangene","status":"publish","type":"post","link":"https:\/\/www.abc-wien.net\/?p=2324","title":{"rendered":"Aufruf f\u00fcr eine Internationale Woche f\u00fcr anarchistische Gefangene"},"content":{"rendered":"<p>(auf Englisch hier: <a href=\"http:\/\/tillallarefree.noblogs.org\/\" target=\"_blank\">tillallarefree.noblogs.org<\/a>)<\/p>\n<p><a href=\"http:\/\/tillallarefree.noblogs.org\/post\/category\/promotion-materials\/\" target=\"_blank\"><img loading=\"lazy\" decoding=\"async\" class=\" size-medium wp-image-37 alignleft\" src=\"https:\/\/tillallarefree.noblogs.org\/files\/2015\/08\/WeekofSoliEnglish-211x300.jpg\" alt=\"WeekofSoliEnglish\" width=\"211\" height=\"300\" \/><\/a>Im Sommer 2013 haben Mitglieder einiger ABC Gruppen \u00fcber die Notwendigkeit diskutiert, einen Internationalen Tag f\u00fcr anarchistische Gefangene einzuf\u00fchren. Da es bereits etablierte Termine f\u00fcr die Rechte politischer Gefangener oder den Prison Justice Day gibt, haben wir es f\u00fcr wichtig befunden, auch die Geschichten unserer Gef\u00e4hrtInnen hervorzuheben. Viele weggesperrte AnarchistInnen werden von formellen Menschenrechtsgruppen nie als &#8218;Politische Gefangene&#8216; anerkannt, weil deren Sinn f\u00fcr soziale Gerechtigkeit streng auf kapitalistische Gesetze, die daf\u00fcr entworfen wurden den Staat zu verteidigen und jede soziale Ver\u00e4nderung zu verhindern, begrenzt ist. Gleichzeitig wissen wir, selbst innerhalb unserer eigenen Zusammenh\u00e4nge, so wenig \u00fcber die Repression die in anderen L\u00e4ndern passiert, und dabei sprechen wir noch gar nicht von Namen und F\u00e4llen die unsere eingekerkerten Gef\u00e4hrtInnen betreffen.<\/p>\n<p>Das ist der Grund, warum wir uns entschieden haben eine einmal im Jahr stattfindende Woche vom 23. \u2013 30. August f\u00fcr anarchistische Gefangene einzuf\u00fchren. Wir haben den 23. August als Anfangspunkt ausgesucht, weil an diesem Tag im Jahre 1927 die Italienisch-amerikanischen Anarchisten <a href=\"http:\/\/theanarchistlibrary.org\/library\/bartolomeo-vanzetti-the-story-of-a-proletarian-life\" target=\"_blank\">Nicola Sacco und Bartolomeo Vanzetti<\/a> im Knast exekutiert wurden. Sie wurden daf\u00fcr verurteilt w\u00e4hrend einem bewaffneten Raub\u00fcberfall in einer Schuhfabrik in South Braintree, Massachusetts, zwei M\u00e4nner ermordet zu haben. Ihre Verhaftung war Teil einer gr\u00f6\u00dferen anti-radikalen Kampagne, die von der amerikanischen Regierung geleitet wurde. Beweise von Seiten des Staates gegen die beiden gab es fast keine, und viele Leute, auch heute noch, denken, dass sie f\u00fcr ihre starken anarchistischen \u00dcberzeugungen bestraft wurden.<\/p>\n<p>In Anbetracht der Natur und Unterschiede der anarchistischen Gruppen rund um den Globus, haben wir eine Woche f\u00fcr gemeinsame Aktionen vorgeschlagen, anstatt einer einzelnen Kampagne an einem speziellen Tag, damit es f\u00fcr die Gruppen einfacher wird ihr Vorhaben innerhalb eines l\u00e4ngeren Zeitraumes zu organisieren.<\/p>\n<p>Hierf\u00fcr rufen wir alle auf, die Information \u00fcber die Woche f\u00fcr anarchistische Gefangene unter anderen Gruppen und Zusammenh\u00e4ngen zu verbreiten und dar\u00fcber nachzudenken selbst etwas in eurer Stadt zu organisieren. Die Aktionen k\u00f6nnen von Info-Abenden, Filmvorf\u00fchrungen, Benefizkonzerten bis zu solidarischen und direkten Aktionen reichen. Lasst eurer Fantasie freien Lauf.<\/p>\n<p>Es gibt Flugbl\u00e4ttern in verschiedenen Sprachen. Bitte schickt uns Berichte \u00fcber eure Aktionen\/Aktivit\u00e4ten an tillallarefree (A) riseup.net<\/p>\n<p><i><b>Till all are free \/ <\/b><\/i><strong><i><b>Bis alle frei sind.<\/b><\/i><\/strong><\/p>\n<p>\u201c<b>325\u201d anarchist counter-information group<br \/>\nABC Belarus<br \/>\nCNA\/ABC Bogot\u00e1<br \/>\nBrighton ABC<br \/>\nBristol ABC<br \/>\nABC Cardiff<br \/>\nABC Czech Republic<br \/>\nABC Helsinki<br \/>\nABC Kiev<br \/>\nABC Latvia<br \/>\nLeeds ABC<br \/>\nLondon ABC<br \/>\nABC Mexico<br \/>\nABC Moscow<br \/>\nNizhny Novgorod antirepression group<br \/>\nNYC ABC<br \/>\nPublicacion Refractario<br \/>\nABC Rio de Janeiro<br \/>\nABC St.Petersburg<br \/>\nABC Vienna<br \/>\nABC Warsaw<\/b><\/p>\n","protected":false},"excerpt":{"rendered":"<p>(auf Englisch hier: tillallarefree.noblogs.org) Im Sommer 2013 haben Mitglieder einiger ABC Gruppen \u00fcber die Notwendigkeit diskutiert, einen Internationalen Tag f\u00fcr anarchistische Gefangene einzuf\u00fchren. Da es bereits etablierte Termine f\u00fcr die Rechte politischer Gefangener oder den Prison Justice Day gibt, haben wir es f\u00fcr wichtig befunden, auch die Geschichten unserer Gef\u00e4hrtInnen hervorzuheben. Viele weggesperrte AnarchistInnen werden [&hellip;]<\/p>\n","protected":false},"author":1,"featured_media":0,"comment_status":"closed","ping_status":"closed","sticky":false,"template":"","format":"standard","meta":{"ngg_post_thumbnail":0,"footnotes":""},"categories":[114,115,236],"tags":[135,290,180,126],"class_list":["post-2324","post","type-post","status-publish","format-standard","hentry","category-anarchismus","category-gefangene","category-news","tag-abc-netzwerk","tag-anarchistinnen","tag-international","tag-solidaritat"],"_links":{"self":[{"href":"https:\/\/www.abc-wien.net\/index.php?rest_route=\/wp\/v2\/posts\/2324"}],"collection":[{"href":"https:\/\/www.abc-wien.net\/index.php?rest_route=\/wp\/v2\/posts"}],"about":[{"href":"https:\/\/www.abc-wien.net\/index.php?rest_route=\/wp\/v2\/types\/post"}],"author":[{"embeddable":true,"href":"https:\/\/www.abc-wien.net\/index.php?rest_route=\/wp\/v2\/users\/1"}],"replies":[{"embeddable":true,"href":"https:\/\/www.abc-wien.net\/index.php?rest_route=%2Fwp%2Fv2%2Fcomments&post=2324"}],"version-history":[{"count":1,"href":"https:\/\/www.abc-wien.net\/index.php?rest_route=\/wp\/v2\/posts\/2324\/revisions"}],"predecessor-version":[{"id":2325,"href":"https:\/\/www.abc-wien.net\/index.php?rest_route=\/wp\/v2\/posts\/2324\/revisions\/2325"}],"wp:attachment":[{"href":"https:\/\/www.abc-wien.net\/index.php?rest_route=%2Fwp%2Fv2%2Fmedia&parent=2324"}],"wp:term":[{"taxonomy":"category","embeddable":true,"href":"https:\/\/www.abc-wien.net\/index.php?rest_route=%2Fwp%2Fv2%2Fcategories&post=2324"},{"taxonomy":"post_tag","embeddable":true,"href":"https:\/\/www.abc-wien.net\/index.php?rest_route=%2Fwp%2Fv2%2Ftags&post=2324"}],"curies":[{"name":"wp","href":"https:\/\/api.w.org\/{rel}","templated":true}]}}