{"id":10614,"date":"2021-03-25T15:10:56","date_gmt":"2021-03-25T14:10:56","guid":{"rendered":"https:\/\/www.abc-wien.net\/?p=10614"},"modified":"2021-03-25T15:10:56","modified_gmt":"2021-03-25T14:10:56","slug":"deutschland-thomas-meyer-falk-prozessbeginn-im-april-gegen-zwei-sicherungsverwahrte-in-freiburg","status":"publish","type":"post","link":"https:\/\/www.abc-wien.net\/?p=10614","title":{"rendered":"[Deutschland] Thomas Meyer-Falk: Prozessbeginn im April gegen zwei Sicherungsverwahrte in Freiburg"},"content":{"rendered":"<p>quelle: <a href=\"https:\/\/freedomforthomas.wordpress.com\/2021\/03\/24\/prozessbeginn-im-april-gegen-zwei-sicherungsverwahrte-in-freiburg\/\" target=\"_blank\" rel=\"noopener\">freedom for thomas<\/a><\/p>\n<p><a href=\"https:\/\/www.abc-wien.net\/?attachment_id=4546\" rel=\"attachment wp-att-4546\"><img loading=\"lazy\" decoding=\"async\" class=\"alignleft size-thumbnail wp-image-4546\" src=\"https:\/\/www.abc-wien.net\/wp-content\/uploads\/2017\/10\/thomas-150x150.png\" alt=\"\" width=\"150\" height=\"150\"\/><\/a>Am 13.04.2021 beginnt vor dem Schwurgericht des Landgerichts Freiburg der Strafprozess gegen zwei Sicherungsverwahrte, welche im vergangenen Jahr zwei Mitinsassen verpr\u00fcgelt und zudem geplant haben sollen einen Insassen zu vergiften.<\/p>\n<p><strong>Die Anklage<\/strong><\/p>\n<p>Die Staatsanwaltschaft Freiburg wirft den beiden erst 36 und 37 Jahre alten Sicherungsverwahrten vor, in die Zelle eines Verwahrten eingedrungen und auf ihn eingeschlagen zu haben. Ein zweiter Insasse soll von einem der beiden Angeklagten anschlie\u00dfend angegriffen worden sein, als die Sicherheitsbeamten schon vor Ort waren.<\/p>\n<p>Gravierender freilich ist der Anklagevorwurf der geplanten Ermordung eines Verwahrten. Hierzu soll in eine T\u00fcte mit Tiefk\u00fchlgem\u00fcse Rattengift eingebracht worden sein, welches einer der Rattenfallen, die im Gef\u00e4ngnishof gestanden haben, entnommen worden sein soll. Im Rahmen der polizeilichen Ermittlungen sagte dar\u00fcber hinaus ein langj\u00e4hriger Sicherungsverwahrter aus, ihm gegen\u00fcber habe zumindest einer der beiden nun angeklagten jungen M\u00e4nner angek\u00fcndigt,die Vergiftung zu planen. Die Angeklagten bestreiten die Vorw\u00fcrfe des versuchten Mordes nachdr\u00fccklich.<\/p>\n<p>Einer der Angeklagten wird vertreten von Rechtsanwalt Michael Volz (Karlsruhe).<\/p>\n<p><!--more--><\/p>\n<p><strong>Prozesstermine<\/strong><\/p>\n<p>Am 13. April 2021 beginnt vor dem Landgericht Freiburg nunmehr der Strafprozess. Fortsetzungstermine sind f\u00fcr den 14.04., 20.04., 21.04., 27.04. und 28.04. angesetzt. Den Vorsitz f\u00fchrt die Richterin am Landgericht Frau Dr. Kleine-Cosack. Geladen sind neben Kriminalbeamten, Biologen bzw. Chemikern auch einige Sicherungsverwahrte.<\/p>\n<p><strong>Zur Sicherungsverwahrung<\/strong><\/p>\n<p>Die SV wurde mit Gesetz vom 24.11.1933 von den Nationalsozialisten in das damalige Reichsstrafgesetzbuch aufgenommen und gestattet seitdem dem Staat, Menschen auch nach Verb\u00fc\u00dfung ihrer eigentlichen Freiheitsstrafe auf unabsehbare Zeit, somit auch bis zum Tod, in Haft zu halten. Das Bundesverfassungsgericht hat zwar vor genau zehn Jahren (Urteil vom 04.05.2011) die Regelungen zur SV f\u00fcr verfassungswidrig erkl\u00e4rt, jedoch dem Gesetzgeber eine Frist gesetzt, innerhalb derer er die Haftbedingungen verbessern k\u00f6nne. Aus Sicht von Politik und Gerichten sind die Gesetzgeber des Bundes und der 16 Bundesl\u00e4nder den verfassungsgerichtlichen Vorgaben im Jahr 2013 ausreichend nachgekommen; hingegen aus Sicht vieler Betroffener, wie auch deren anwaltlicher Vertreterinnen und Vertreter ist der Haftalltag nach wie vor von tiefer Hoffnungs- und Perspektivlosigkeit gekennzeichnet. In vielen F\u00e4llen laufe die SV auf ein blo\u00dfes Warten auf das Sterben in Haft hinaus.<\/p>\n<p>&nbsp;<\/p>\n<p>Thomas Meyer-Falk,<br \/>\nz.Zt. Justizvollzugsanstalt (SV),<br \/>\nHermann-Herder-Str.8<br \/>\n79104 Freiburg<br \/>\n<a href=\"https:\/\/freedomforthomas.wordpress.com\" rel=\"nofollow\">https:\/\/freedomforthomas.wordpress.com<\/a><\/p>\n","protected":false},"excerpt":{"rendered":"<p>quelle: freedom for thomas Am 13.04.2021 beginnt vor dem Schwurgericht des Landgerichts Freiburg der Strafprozess gegen zwei Sicherungsverwahrte, welche im vergangenen Jahr zwei Mitinsassen verpr\u00fcgelt und zudem geplant haben sollen einen Insassen zu vergiften. Die Anklage Die Staatsanwaltschaft Freiburg wirft den beiden erst 36 und 37 Jahre alten Sicherungsverwahrten vor, in die Zelle eines Verwahrten [&hellip;]<\/p>\n","protected":false},"author":1,"featured_media":0,"comment_status":"closed","ping_status":"closed","sticky":false,"template":"","format":"standard","meta":{"ngg_post_thumbnail":0,"footnotes":""},"categories":[115],"tags":[1155,1226],"class_list":["post-10614","post","type-post","status-publish","format-standard","hentry","category-gefangene","tag-briefe-von-gefangenen","tag-thomas-meyer-falk-2"],"_links":{"self":[{"href":"https:\/\/www.abc-wien.net\/index.php?rest_route=\/wp\/v2\/posts\/10614"}],"collection":[{"href":"https:\/\/www.abc-wien.net\/index.php?rest_route=\/wp\/v2\/posts"}],"about":[{"href":"https:\/\/www.abc-wien.net\/index.php?rest_route=\/wp\/v2\/types\/post"}],"author":[{"embeddable":true,"href":"https:\/\/www.abc-wien.net\/index.php?rest_route=\/wp\/v2\/users\/1"}],"replies":[{"embeddable":true,"href":"https:\/\/www.abc-wien.net\/index.php?rest_route=%2Fwp%2Fv2%2Fcomments&post=10614"}],"version-history":[{"count":1,"href":"https:\/\/www.abc-wien.net\/index.php?rest_route=\/wp\/v2\/posts\/10614\/revisions"}],"predecessor-version":[{"id":10615,"href":"https:\/\/www.abc-wien.net\/index.php?rest_route=\/wp\/v2\/posts\/10614\/revisions\/10615"}],"wp:attachment":[{"href":"https:\/\/www.abc-wien.net\/index.php?rest_route=%2Fwp%2Fv2%2Fmedia&parent=10614"}],"wp:term":[{"taxonomy":"category","embeddable":true,"href":"https:\/\/www.abc-wien.net\/index.php?rest_route=%2Fwp%2Fv2%2Fcategories&post=10614"},{"taxonomy":"post_tag","embeddable":true,"href":"https:\/\/www.abc-wien.net\/index.php?rest_route=%2Fwp%2Fv2%2Ftags&post=10614"}],"curies":[{"name":"wp","href":"https:\/\/api.w.org\/{rel}","templated":true}]}}