{"id":10173,"date":"2020-12-16T11:56:58","date_gmt":"2020-12-16T10:56:58","guid":{"rendered":"https:\/\/www.abc-wien.net\/?p=10173"},"modified":"2020-12-16T11:56:58","modified_gmt":"2020-12-16T10:56:58","slug":"deutschland-flint-solifoto-fuer-lina","status":"publish","type":"post","link":"https:\/\/www.abc-wien.net\/?p=10173","title":{"rendered":"[Deutschland] FLINT* Solifoto f\u00fcr Lina"},"content":{"rendered":"<p>Quelle: <a href=\"https:\/\/de.indymedia.org\/node\/124342\" target=\"_blank\" rel=\"noopener noreferrer\">indymedia<img loading=\"lazy\" decoding=\"async\" class=\"alignleft size-thumbnail wp-image-10174\" src=\"https:\/\/www.abc-wien.net\/wp-content\/uploads\/2020\/12\/lina-150x101.jpg\" alt=\"\" width=\"150\" height=\"101\"\/><\/a><\/p>\n<p>Vor \u00fcber einem Monat wurde uns unsere Freundin und Genossin Lina genommen und in den Knast gesteckt. Ihr wird nach \u00a7129 die Gr\u00fcndung einer kriminellen Vereinigung vorgeworfen. Wir fordern die sofortige Freilassung von Lina und die Abschaffung der SokoLinx. Wir solidarisieren uns mit Lina und allen anderen antifaschistischen Gefangenen. Ihr Kampf ist unser Kampf. Wir sind alle \u00a7129!<\/p>\n<p>If i had a hammer, i&#8217;d smash patriarchy!<\/p>\n<p>Vor \u00fcber einem Monat wurde uns unsere Freundin und Genossin Lina genommen und in den Knast gesteckt. Ihr wird nach \u00a7129 die Gr\u00fcndung einer kriminellen Vereinigung vorgeworfen.<\/p>\n<p>Auch wenn man nicht \u00fcber die grottige Ermittlung (seit ihrem Bestehen kann die SokoLinx keine wirklichen Erfolge f\u00fcr sich verbuchen) und noch schlechtere Berichterstattung (das Grundprinzip der Unschuldsvermutung wurde \u00fcber jeden Haufen geworfen) \u00fcberrascht sein sollte, fragen wir uns doch, ob Journalist*innen und Ermittler*innen Frauen unter uns Linken f\u00fcr so rar ges\u00e4t halten, dass Lina direkt f\u00fcr jede sog. linke Straftat der letzten Jahre, bei der eine Frau beteiligt war, herhalten muss.<\/p>\n<p><!--more--><\/p>\n<p>Doch in der Presse mag man noch mehr Verst\u00f6rendes verk\u00fcnden, sie trug Nagellack und Rock; man k\u00f6nnte sie fast zierlich nennen (in dem Punkt scheint man sich unter den M\u00e4nnern noch nicht ganz einig). Das Bild der linken &#8222;R\u00e4delsf\u00fchrerin\u201c, welches sich herbei imaginiert wird, erf\u00fcllt sie leider nicht so richtig. Wie das aussehen k\u00f6nnte, wei\u00df aber auch niemand so genau. Vielmehr scheint doch offensichtlich zu werden, dass unsere Gesellschaft nicht damit umgehen kann, wenn Frauen ein stereotypisch m\u00e4nnliches &#8222;Verbrechen&#8220; begehen. Sie fordern das geschlechtliche Konstrukt heraus, welches Frauen als nicht bedrohlich kennzeichnet. So versucht die Presse aus dem Konstrukt weibliche Unschuld versus m\u00e4nnliche Gewalt ein Sensationsspiel zu betreiben. Politische aktive Frauen und Lina werden exotisiert &#8211; oder um es mit der der b\u00fcrgerlichen Presse zu sagen &#8222;Diese Frau bleibt ein Geheimnis&#8220;. Wie absurd das alles ist in einer Zeit, in der M\u00e4nner in ihren Kellern Sprengstoff und L\u00f6schkalk horten, muss eigentlich nicht erw\u00e4hnt werden.<\/p>\n<p>Antifaschistischer Kampf bleibt notwendig egal wie ihr uns mit Repressionen \u00fcberzieht, objektiviert und angreift! Ob mit Minirock und Nagellack oder ohne \u2013 der Kampf geht weiter!<\/p>\n<p>Wir fordern die sofortige Freilassung von Lina und die Abschaffung der SokoLinx. Wir solidarisieren uns mit Lina und allen anderen antifaschistischen Gefangenen. Ihr Kampf ist unser Kampf. Wir sind alle \u00a7129!<\/p>\n<p><strong>If I had a hammer, i&#8217;d smash patriarchy!<\/strong><\/p>\n","protected":false},"excerpt":{"rendered":"<p>Quelle: indymedia Vor \u00fcber einem Monat wurde uns unsere Freundin und Genossin Lina genommen und in den Knast gesteckt. Ihr wird nach \u00a7129 die Gr\u00fcndung einer kriminellen Vereinigung vorgeworfen. Wir fordern die sofortige Freilassung von Lina und die Abschaffung der SokoLinx. Wir solidarisieren uns mit Lina und allen anderen antifaschistischen Gefangenen. Ihr Kampf ist unser [&hellip;]<\/p>\n","protected":false},"author":1,"featured_media":0,"comment_status":"closed","ping_status":"closed","sticky":false,"template":"","format":"standard","meta":{"ngg_post_thumbnail":0,"footnotes":""},"categories":[115,236,615],"tags":[160,401,1314,126],"class_list":["post-10173","post","type-post","status-publish","format-standard","hentry","category-gefangene","category-news","category-solidaritat","tag-deutschland","tag-gefangene","tag-lina","tag-solidaritat"],"_links":{"self":[{"href":"https:\/\/www.abc-wien.net\/index.php?rest_route=\/wp\/v2\/posts\/10173"}],"collection":[{"href":"https:\/\/www.abc-wien.net\/index.php?rest_route=\/wp\/v2\/posts"}],"about":[{"href":"https:\/\/www.abc-wien.net\/index.php?rest_route=\/wp\/v2\/types\/post"}],"author":[{"embeddable":true,"href":"https:\/\/www.abc-wien.net\/index.php?rest_route=\/wp\/v2\/users\/1"}],"replies":[{"embeddable":true,"href":"https:\/\/www.abc-wien.net\/index.php?rest_route=%2Fwp%2Fv2%2Fcomments&post=10173"}],"version-history":[{"count":1,"href":"https:\/\/www.abc-wien.net\/index.php?rest_route=\/wp\/v2\/posts\/10173\/revisions"}],"predecessor-version":[{"id":10175,"href":"https:\/\/www.abc-wien.net\/index.php?rest_route=\/wp\/v2\/posts\/10173\/revisions\/10175"}],"wp:attachment":[{"href":"https:\/\/www.abc-wien.net\/index.php?rest_route=%2Fwp%2Fv2%2Fmedia&parent=10173"}],"wp:term":[{"taxonomy":"category","embeddable":true,"href":"https:\/\/www.abc-wien.net\/index.php?rest_route=%2Fwp%2Fv2%2Fcategories&post=10173"},{"taxonomy":"post_tag","embeddable":true,"href":"https:\/\/www.abc-wien.net\/index.php?rest_route=%2Fwp%2Fv2%2Ftags&post=10173"}],"curies":[{"name":"wp","href":"https:\/\/api.w.org\/{rel}","templated":true}]}}