{"id":10171,"date":"2020-12-16T11:52:40","date_gmt":"2020-12-16T10:52:40","guid":{"rendered":"https:\/\/www.abc-wien.net\/?p=10171"},"modified":"2020-12-16T11:52:40","modified_gmt":"2020-12-16T10:52:40","slug":"deutschland-gedanken-aus-dem-knast-nach-raeumung-im-danni","status":"publish","type":"post","link":"https:\/\/www.abc-wien.net\/?p=10171","title":{"rendered":"[Deutschland] Gedanken aus dem Knast nach R\u00e4umung im Danni"},"content":{"rendered":"<p>Quelle: <a href=\"https:\/\/de.indymedia.org\/node\/125287\" target=\"_blank\" rel=\"noopener noreferrer\">indymedia<\/a><\/p>\n<p><a href=\"https:\/\/www.abc-wien.net\/?attachment_id=5303\" rel=\"attachment wp-att-5303\"><img loading=\"lazy\" decoding=\"async\" class=\"alignleft size-thumbnail wp-image-5303\" src=\"https:\/\/www.abc-wien.net\/wp-content\/uploads\/2018\/08\/493-150x150.jpg\" alt=\"\" width=\"150\" height=\"150\"\/><\/a>Jede \u00f6kologische Krise ist auch eine soziale Krise. Der Kampf um den Danni war auch ein Kampf gegen Kapitalismus, Staat und Patriarchat. Lasst uns die Kn\u00e4ste niederbrennen und weiter k\u00e4mpfen f\u00fcr unsere Freiheit,&nbsp; und f\u00fcr den Aufbau einer nachhaltigen und solidarischen Welt. Noone is free until all are free.<\/p>\n<p>Der Staat soll fallen, nicht die B\u00e4ume.<\/p>\n<p>Ich wurde vor wenigen Tagen aus dem Knast entlassen. Meine Gef\u00fchle sind widerspr\u00fcchlich. Ich f\u00fchle mich einerseits machtlos, frustriert, m\u00fcde und verzweifelt aber auch. Sie wollen uns brechen, wollen unseren Widerstand ersticken und erreichen, dass wir uns unserem Schicksal der Unterdr\u00fcckten beugen. Doch sie wissen nicht, dass mit jeder Verhaftung, mit jeder Gewalt die sie aus\u00fcben auch unser Hass und unsere Wut steigt. Und dass wir uns gegenseitig st\u00e4rken und wiederaufbauen, durch jedes Zeichen der Solidarit\u00e4t.<\/p>\n<p><!--more--><\/p>\n<p>Statt uns zu beugen sollten wir unseren Hass und unsere Wut nutzen um dem Gef\u00fchl der Machtlosigkeit entgegen zu wirken. Lasst uns unsere Wut und unseren Hass sichtbar machen! Sarke Emotionen m\u00fcssen in unserer Gesellschaft stehts unterdr\u00fcckt werden. Wer zu positive Emotionen ausdr\u00fcckt, gilt als hysterisch und nicht ernst zu nehmen. FLINT* Personen sind besonders davon betroffen, da sie sowieso schon darum k\u00e4mpfen m\u00fcssen, \u00fcberhaupt geh\u00f6rt zu werden. Insbesondere Hass wird, unabh\u00e4ngig von den gegebenen Umst\u00e4nden, als volkommen unberechtigt angesehen. Wer hasst, ist grunds\u00e4tzlich schlimmer als der Aul\u00f6ser dieser Emotion. Ich glaube, worauf ich in diesem Text hinaus m\u00f6chte ist die Tatsache, dass das Gef\u00e4ngnis nicht erst hinter diesen Mauern und dem Stacheldraht beginnt. \u00dcberall werden wir eingeschr\u00e4nkt und eingeengt. Meine Freiheit wurde mir nicht erst geraubt als ich in den Knast gesperrt wurde. Der Knast hat mir nur gezeigt, dass ich niemals frei war und es niemals sein werde bis alle Menschen frei sind. Die Menschen im Knast sitzen nicht f\u00fcr die \u201eStraftaten\u201c die ihnen vorgeworfen werden. Sie sitzen f\u00fcr uns alle. Ich hatte das Gl\u00fcck nach kurzer Zeit aus der U-Haft entlassen zu werden- w\u00e4hrend andere noch Jahre im Knast verbringen m\u00fcssen. Ich solidarisiere mich mit den Menschen die ich im Knast kennengelernt habe- und mit allen anderen Gefangenen weltweit. Lasst uns unsere Ketten sprengen und die Kn\u00e4ste niederbrennen.<\/p>\n<p>Die Gef\u00e4ngnisse sind die Verk\u00f6rperung der Unterdr\u00fcckungsmuster die \u00fcberall in unserer Gesellschaft verwurzelt sind. In unserer ach so perfekten Demokratie werden den Menschen gerade genug Freiheiten zugestanden, dass sie die Regierungen wiederw\u00e4hlen und sich nicht aufb\u00e4umen gegen die Autorit\u00e4t des Staates. Der Preis den wir f\u00fcr das Bestehen dieses Systems zahlen ist unsere Freiheit, die Macht \u00fcber uns selbst. Nehmen wir sie uns zur\u00fcck. Vergesst nicht, wir sind viele. Es ist Zeit, aus der uns auferzwungenen Rolle der Unterworfenen, des Spielballs der Reichen und M\u00e4chtigen heraus zu kommen und zur\u00fcck zu schlagen. Der Kampf um den Danni war ein Kampf f\u00fcr den Erhalt der Natur und gegen die Klimakrise. Es war aber immer auch ein sozialer Kampf. Denn jede \u00f6kologische- ist auch eine soziale Krise. Es war der Kampf um einen Freiraum jenseits von Herrschaft, Kapitalismus und Patriarchat. Den Danni haben sie uns genommen. Aber unser Widerstand bleibt bestehen. You cannot evict a movement. Dass der Dannenr\u00f6der Wald gefallen ist w\u00e4hrend wir uns am Anfang einer Klimakrise mit katastrophalen Auswirkungen f\u00fcr Mensch, Tier und Umwelt befinden, zeigt einmal mehr, dass Kapitalismus und Nachhaltigkeit unvereinbar sind. Solange es uns nicht gelingt, das bestehende System mit all seinen Zw\u00e4ngen der Unterdr\u00fcckung und Ausbeutung zu \u00fcberwinden, haben wir keine Chance, diesen Planeten f\u00fcr zuk\u00fcnftige Generationen zu erhalten.<\/p>\n<p>Der Kampf gegen die Klimakrise ist ein Kampf gegen Kapital und Staat. Der Staat muss fallen, damit die W\u00e4lder stehen bleiben. Auch aus feministischer Sicht ist die R\u00e4umung im Danni, genauso wie die R\u00e4umung der Liebig34 ein Schlag ins Gesicht. F\u00fcr mich als FLINT* Person war der Danni ein R\u00fcckzugsort vor dem allt\u00e4glichen Sexismus. Ich konnte merken wie jedes mal wenn ich diesen Wald betrat eine Anspannung von mir abfiel, die sich durch die st\u00e4ndige Konfrontation mit den patriarchalen Unterdr\u00fcckungsmustern unserer Gesellschaft bei mir angesammelt hatte. Diesen Ort habe ich zumindestens als \u00fcberwiegend frei von patriarchalen Strukturen wahrgenommen. Wenn uns diese einzigen Freir\u00e4ume genommen werden ist es zum verzweifeln. Lasst uns unsere Stimmen und F\u00e4uste im Widerstand erheben.<\/p>\n<p><strong>Feminismus oder Schl\u00e4gerei. Noone is free until all are free. Burn all prisons. Smash patriarchy. Fight for climate justice and equality.<\/strong><\/p>\n","protected":false},"excerpt":{"rendered":"<p>Quelle: indymedia Jede \u00f6kologische Krise ist auch eine soziale Krise. Der Kampf um den Danni war auch ein Kampf gegen Kapitalismus, Staat und Patriarchat. Lasst uns die Kn\u00e4ste niederbrennen und weiter k\u00e4mpfen f\u00fcr unsere Freiheit,&nbsp; und f\u00fcr den Aufbau einer nachhaltigen und solidarischen Welt. Noone is free until all are free. Der Staat soll fallen, [&hellip;]<\/p>\n","protected":false},"author":1,"featured_media":0,"comment_status":"closed","ping_status":"closed","sticky":false,"template":"","format":"standard","meta":{"ngg_post_thumbnail":0,"footnotes":""},"categories":[115,236,125,615],"tags":[400,1287,1331,160,126,212],"class_list":["post-10171","post","type-post","status-publish","format-standard","hentry","category-gefangene","category-news","category-repression","category-solidaritat","tag-anarchismus","tag-dannenroeder-wald","tag-danni-bleibt","tag-deutschland","tag-solidaritat","tag-texte-von-gefangenen"],"_links":{"self":[{"href":"https:\/\/www.abc-wien.net\/index.php?rest_route=\/wp\/v2\/posts\/10171"}],"collection":[{"href":"https:\/\/www.abc-wien.net\/index.php?rest_route=\/wp\/v2\/posts"}],"about":[{"href":"https:\/\/www.abc-wien.net\/index.php?rest_route=\/wp\/v2\/types\/post"}],"author":[{"embeddable":true,"href":"https:\/\/www.abc-wien.net\/index.php?rest_route=\/wp\/v2\/users\/1"}],"replies":[{"embeddable":true,"href":"https:\/\/www.abc-wien.net\/index.php?rest_route=%2Fwp%2Fv2%2Fcomments&post=10171"}],"version-history":[{"count":1,"href":"https:\/\/www.abc-wien.net\/index.php?rest_route=\/wp\/v2\/posts\/10171\/revisions"}],"predecessor-version":[{"id":10172,"href":"https:\/\/www.abc-wien.net\/index.php?rest_route=\/wp\/v2\/posts\/10171\/revisions\/10172"}],"wp:attachment":[{"href":"https:\/\/www.abc-wien.net\/index.php?rest_route=%2Fwp%2Fv2%2Fmedia&parent=10171"}],"wp:term":[{"taxonomy":"category","embeddable":true,"href":"https:\/\/www.abc-wien.net\/index.php?rest_route=%2Fwp%2Fv2%2Fcategories&post=10171"},{"taxonomy":"post_tag","embeddable":true,"href":"https:\/\/www.abc-wien.net\/index.php?rest_route=%2Fwp%2Fv2%2Ftags&post=10171"}],"curies":[{"name":"wp","href":"https:\/\/api.w.org\/{rel}","templated":true}]}}